{"id":6311,"date":"2021-09-19T14:17:06","date_gmt":"2021-09-19T14:17:06","guid":{"rendered":"https:\/\/gamora.ar\/wp_ccips\/?p=6311"},"modified":"2023-08-04T15:06:37","modified_gmt":"2023-08-04T15:06:37","slug":"se-realizo-la-13-jornada-de-gerentes-institucionales-de-feba-enrique-grenno-represento-a-nuestra-entidad","status":"publish","type":"post","link":"https:\/\/gamora.ar\/wp_ccips\/se-realizo-la-13-jornada-de-gerentes-institucionales-de-feba-enrique-grenno-represento-a-nuestra-entidad\/","title":{"rendered":"Se realiz\u00f3 la 13\u00b0 Jornada de Gerentes Institucionales de FEBA, Enrique Grenno, represent\u00f3 a nuestra entidad"},"content":{"rendered":"\t\t<div data-elementor-type=\"wp-post\" data-elementor-id=\"6311\" class=\"elementor elementor-6311\">\n\t\t\t\t\t\t\t\t\t<section class=\"elementor-section elementor-top-section elementor-element elementor-element-883420f elementor-section-full_width seccionInterior0pad elementor-section-height-default elementor-section-height-default\" data-id=\"883420f\" data-element_type=\"section\" id=\"headNav\">\n\t\t\t\t\t\t<div class=\"elementor-container elementor-column-gap-default\">\n\t\t\t\t\t<div class=\"elementor-column elementor-col-100 elementor-top-column elementor-element elementor-element-2c25ed3\" data-id=\"2c25ed3\" data-element_type=\"column\">\n\t\t\t<div class=\"elementor-widget-wrap elementor-element-populated\">\n\t\t\t\t\t\t\t\t<section class=\"elementor-section elementor-inner-section elementor-element elementor-element-9b376e7 elementor-section-full_width elementor-section-height-default elementor-section-height-default\" data-id=\"9b376e7\" data-element_type=\"section\" id=\"gridNav\">\n\t\t\t\t\t\t<div class=\"elementor-container elementor-column-gap-default\">\n\t\t\t\t\t<div class=\"elementor-column elementor-col-100 elementor-inner-column elementor-element elementor-element-cdd5d2f\" data-id=\"cdd5d2f\" data-element_type=\"column\">\n\t\t\t<div class=\"elementor-widget-wrap elementor-element-populated\">\n\t\t\t\t\t\t\t\t<div class=\"elementor-element elementor-element-704da44 elementor-widget__width-auto elementor-widget elementor-widget-image\" data-id=\"704da44\" data-element_type=\"widget\" data-widget_type=\"image.default\">\n\t\t\t\t<div class=\"elementor-widget-container\">\n\t\t\t<style>\/*! elementor - v3.15.0 - 02-08-2023 *\/\n.elementor-widget-image{text-align:center}.elementor-widget-image a{display:inline-block}.elementor-widget-image a img[src$=\".svg\"]{width:48px}.elementor-widget-image img{vertical-align:middle;display:inline-block}<\/style>\t\t\t\t\t\t\t\t\t\t\t\t\t<a href=\"http:\/\/gamora.ar\/wp_ccips\/inicio\">\n\t\t\t\t\t\t\t<img loading=\"lazy\" decoding=\"async\" width=\"300\" height=\"63\" src=\"https:\/\/gamora.ar\/wp_ccips\/wp-content\/uploads\/2023\/05\/COMPLETA-COLOR-TRANPARENTE-300x63.png\" class=\"attachment-medium size-medium wp-image-3594\" alt=\"Logo Centenario CCIPS Pehuaj\u00f3\" srcset=\"https:\/\/gamora.ar\/wp_ccips\/wp-content\/uploads\/2023\/05\/COMPLETA-COLOR-TRANPARENTE-300x63.png 300w, https:\/\/gamora.ar\/wp_ccips\/wp-content\/uploads\/2023\/05\/COMPLETA-COLOR-TRANPARENTE-1024x216.png 1024w, https:\/\/gamora.ar\/wp_ccips\/wp-content\/uploads\/2023\/05\/COMPLETA-COLOR-TRANPARENTE-768x162.png 768w, https:\/\/gamora.ar\/wp_ccips\/wp-content\/uploads\/2023\/05\/COMPLETA-COLOR-TRANPARENTE-1536x324.png 1536w, https:\/\/gamora.ar\/wp_ccips\/wp-content\/uploads\/2023\/05\/COMPLETA-COLOR-TRANPARENTE.png 1821w\" sizes=\"auto, (max-width: 300px) 100vw, 300px\" \/>\t\t\t\t\t\t\t\t<\/a>\n\t\t\t\t\t\t\t\t\t\t\t\t\t\t\t<\/div>\n\t\t\t\t<\/div>\n\t\t\t\t<div class=\"elementor-element elementor-element-1b193f4 hfe-nav-menu__align-right hfe-nav-menu__breakpoint-mobile elementor-widget__width-auto elementor-widget-mobile__width-auto menu_bar_short hfe-submenu-icon-arrow hfe-submenu-animation-none hfe-link-redirect-child elementor-widget elementor-widget-navigation-menu\" data-id=\"1b193f4\" data-element_type=\"widget\" id=\"menu_Movil\" data-settings=\"{&quot;menu_space_between&quot;:{&quot;unit&quot;:&quot;px&quot;,&quot;size&quot;:2,&quot;sizes&quot;:[]},&quot;toggle_size_mobile&quot;:{&quot;unit&quot;:&quot;px&quot;,&quot;size&quot;:25,&quot;sizes&quot;:[]},&quot;padding_horizontal_menu_item&quot;:{&quot;unit&quot;:&quot;px&quot;,&quot;size&quot;:15,&quot;sizes&quot;:[]},&quot;padding_horizontal_menu_item_tablet&quot;:{&quot;unit&quot;:&quot;px&quot;,&quot;size&quot;:&quot;&quot;,&quot;sizes&quot;:[]},&quot;padding_horizontal_menu_item_mobile&quot;:{&quot;unit&quot;:&quot;px&quot;,&quot;size&quot;:&quot;&quot;,&quot;sizes&quot;:[]},&quot;padding_vertical_menu_item&quot;:{&quot;unit&quot;:&quot;px&quot;,&quot;size&quot;:15,&quot;sizes&quot;:[]},&quot;padding_vertical_menu_item_tablet&quot;:{&quot;unit&quot;:&quot;px&quot;,&quot;size&quot;:&quot;&quot;,&quot;sizes&quot;:[]},&quot;padding_vertical_menu_item_mobile&quot;:{&quot;unit&quot;:&quot;px&quot;,&quot;size&quot;:&quot;&quot;,&quot;sizes&quot;:[]},&quot;menu_space_between_tablet&quot;:{&quot;unit&quot;:&quot;px&quot;,&quot;size&quot;:&quot;&quot;,&quot;sizes&quot;:[]},&quot;menu_space_between_mobile&quot;:{&quot;unit&quot;:&quot;px&quot;,&quot;size&quot;:&quot;&quot;,&quot;sizes&quot;:[]},&quot;menu_row_space&quot;:{&quot;unit&quot;:&quot;px&quot;,&quot;size&quot;:&quot;&quot;,&quot;sizes&quot;:[]},&quot;menu_row_space_tablet&quot;:{&quot;unit&quot;:&quot;px&quot;,&quot;size&quot;:&quot;&quot;,&quot;sizes&quot;:[]},&quot;menu_row_space_mobile&quot;:{&quot;unit&quot;:&quot;px&quot;,&quot;size&quot;:&quot;&quot;,&quot;sizes&quot;:[]},&quot;dropdown_border_radius&quot;:{&quot;unit&quot;:&quot;px&quot;,&quot;top&quot;:&quot;&quot;,&quot;right&quot;:&quot;&quot;,&quot;bottom&quot;:&quot;&quot;,&quot;left&quot;:&quot;&quot;,&quot;isLinked&quot;:true},&quot;dropdown_border_radius_tablet&quot;:{&quot;unit&quot;:&quot;px&quot;,&quot;top&quot;:&quot;&quot;,&quot;right&quot;:&quot;&quot;,&quot;bottom&quot;:&quot;&quot;,&quot;left&quot;:&quot;&quot;,&quot;isLinked&quot;:true},&quot;dropdown_border_radius_mobile&quot;:{&quot;unit&quot;:&quot;px&quot;,&quot;top&quot;:&quot;&quot;,&quot;right&quot;:&quot;&quot;,&quot;bottom&quot;:&quot;&quot;,&quot;left&quot;:&quot;&quot;,&quot;isLinked&quot;:true},&quot;width_dropdown_item&quot;:{&quot;unit&quot;:&quot;px&quot;,&quot;size&quot;:&quot;220&quot;,&quot;sizes&quot;:[]},&quot;width_dropdown_item_tablet&quot;:{&quot;unit&quot;:&quot;px&quot;,&quot;size&quot;:&quot;&quot;,&quot;sizes&quot;:[]},&quot;width_dropdown_item_mobile&quot;:{&quot;unit&quot;:&quot;px&quot;,&quot;size&quot;:&quot;&quot;,&quot;sizes&quot;:[]},&quot;padding_horizontal_dropdown_item&quot;:{&quot;unit&quot;:&quot;px&quot;,&quot;size&quot;:&quot;&quot;,&quot;sizes&quot;:[]},&quot;padding_horizontal_dropdown_item_tablet&quot;:{&quot;unit&quot;:&quot;px&quot;,&quot;size&quot;:&quot;&quot;,&quot;sizes&quot;:[]},&quot;padding_horizontal_dropdown_item_mobile&quot;:{&quot;unit&quot;:&quot;px&quot;,&quot;size&quot;:&quot;&quot;,&quot;sizes&quot;:[]},&quot;padding_vertical_dropdown_item&quot;:{&quot;unit&quot;:&quot;px&quot;,&quot;size&quot;:15,&quot;sizes&quot;:[]},&quot;padding_vertical_dropdown_item_tablet&quot;:{&quot;unit&quot;:&quot;px&quot;,&quot;size&quot;:&quot;&quot;,&quot;sizes&quot;:[]},&quot;padding_vertical_dropdown_item_mobile&quot;:{&quot;unit&quot;:&quot;px&quot;,&quot;size&quot;:&quot;&quot;,&quot;sizes&quot;:[]},&quot;distance_from_menu&quot;:{&quot;unit&quot;:&quot;px&quot;,&quot;size&quot;:&quot;&quot;,&quot;sizes&quot;:[]},&quot;distance_from_menu_tablet&quot;:{&quot;unit&quot;:&quot;px&quot;,&quot;size&quot;:&quot;&quot;,&quot;sizes&quot;:[]},&quot;distance_from_menu_mobile&quot;:{&quot;unit&quot;:&quot;px&quot;,&quot;size&quot;:&quot;&quot;,&quot;sizes&quot;:[]},&quot;toggle_size&quot;:{&quot;unit&quot;:&quot;px&quot;,&quot;size&quot;:&quot;&quot;,&quot;sizes&quot;:[]},&quot;toggle_size_tablet&quot;:{&quot;unit&quot;:&quot;px&quot;,&quot;size&quot;:&quot;&quot;,&quot;sizes&quot;:[]},&quot;toggle_border_width&quot;:{&quot;unit&quot;:&quot;px&quot;,&quot;size&quot;:&quot;&quot;,&quot;sizes&quot;:[]},&quot;toggle_border_width_tablet&quot;:{&quot;unit&quot;:&quot;px&quot;,&quot;size&quot;:&quot;&quot;,&quot;sizes&quot;:[]},&quot;toggle_border_width_mobile&quot;:{&quot;unit&quot;:&quot;px&quot;,&quot;size&quot;:&quot;&quot;,&quot;sizes&quot;:[]},&quot;toggle_border_radius&quot;:{&quot;unit&quot;:&quot;px&quot;,&quot;size&quot;:&quot;&quot;,&quot;sizes&quot;:[]},&quot;toggle_border_radius_tablet&quot;:{&quot;unit&quot;:&quot;px&quot;,&quot;size&quot;:&quot;&quot;,&quot;sizes&quot;:[]},&quot;toggle_border_radius_mobile&quot;:{&quot;unit&quot;:&quot;px&quot;,&quot;size&quot;:&quot;&quot;,&quot;sizes&quot;:[]},&quot;padding&quot;:{&quot;unit&quot;:&quot;px&quot;,&quot;top&quot;:&quot;&quot;,&quot;right&quot;:&quot;&quot;,&quot;bottom&quot;:&quot;&quot;,&quot;left&quot;:&quot;&quot;,&quot;isLinked&quot;:true},&quot;padding_tablet&quot;:{&quot;unit&quot;:&quot;px&quot;,&quot;top&quot;:&quot;&quot;,&quot;right&quot;:&quot;&quot;,&quot;bottom&quot;:&quot;&quot;,&quot;left&quot;:&quot;&quot;,&quot;isLinked&quot;:true},&quot;padding_mobile&quot;:{&quot;unit&quot;:&quot;px&quot;,&quot;top&quot;:&quot;&quot;,&quot;right&quot;:&quot;&quot;,&quot;bottom&quot;:&quot;&quot;,&quot;left&quot;:&quot;&quot;,&quot;isLinked&quot;:true}}\" data-widget_type=\"navigation-menu.default\">\n\t\t\t\t<div class=\"elementor-widget-container\">\n\t\t\t\t\t\t<div class=\"hfe-nav-menu hfe-layout-horizontal hfe-nav-menu-layout horizontal hfe-pointer__underline hfe-animation__grow\" data-layout=\"horizontal\" data-last-item=\"cta\">\n\t\t\t\t<div role=\"button\" class=\"hfe-nav-menu__toggle elementor-clickable\">\n\t\t\t\t\t<span class=\"screen-reader-text\">Men\u00fa<\/span>\n\t\t\t\t\t<div class=\"hfe-nav-menu-icon\">\n\t\t\t\t\t\t<i aria-hidden=\"true\"  class=\"fas fa-align-justify\"><\/i>\t\t\t\t\t<\/div>\n\t\t\t\t<\/div>\n\t\t\t\t<nav class=\"hfe-nav-menu__layout-horizontal hfe-nav-menu__submenu-arrow\" data-toggle-icon=\"&lt;i aria-hidden=&quot;true&quot; tabindex=&quot;0&quot; class=&quot;fas fa-align-justify&quot;&gt;&lt;\/i&gt;\" data-close-icon=\"&lt;i aria-hidden=&quot;true&quot; tabindex=&quot;0&quot; class=&quot;fas fa-window-close&quot;&gt;&lt;\/i&gt;\" data-full-width=\"yes\"><ul id=\"menu-1-1b193f4\" class=\"hfe-nav-menu\"><li id=\"menu-item-6986\" class=\"menu-item menu-item-type-post_type menu-item-object-page menu-item-home parent hfe-creative-menu\"><a href=\"https:\/\/gamora.ar\/wp_ccips\/\" class = \"hfe-menu-item\">Inicio<\/a><\/li>\n<li id=\"menu-item-6989\" class=\"menu-item menu-item-type-post_type menu-item-object-page parent hfe-creative-menu\"><a href=\"https:\/\/gamora.ar\/wp_ccips\/noticias\/\" class = \"hfe-menu-item\">Noticias<\/a><\/li>\n<li id=\"menu-item-6988\" class=\"menu-item menu-item-type-post_type menu-item-object-page parent hfe-creative-menu\"><a href=\"https:\/\/gamora.ar\/wp_ccips\/nosotros\/\" class = \"hfe-menu-item\">Nosotros<\/a><\/li>\n<li id=\"menu-item-6987\" class=\"menu-item menu-item-type-post_type menu-item-object-page parent hfe-creative-menu\"><a href=\"https:\/\/gamora.ar\/wp_ccips\/contacto\/\" class = \"hfe-menu-item\">Contacto<\/a><\/li>\n<li id=\"menu-item-6991\" class=\"menu-item menu-item-type-custom menu-item-object-custom parent hfe-creative-menu\"><a href=\"http:\/\/gestion.ccipspehuajo.ar\/eventos\" class = \"hfe-menu-item\">Eventos<\/a><\/li>\n<li id=\"menu-item-6993\" class=\"menu-item menu-item-type-custom menu-item-object-custom parent hfe-creative-menu\"><a href=\"http:\/\/gestion.ccipspehuajo.ar\/trabajo\" class = \"hfe-menu-item\">Bolsa de trabajo<\/a><\/li>\n<li id=\"menu-item-6992\" class=\"menu-item menu-item-type-custom menu-item-object-custom parent hfe-creative-menu\"><a href=\"http:\/\/gestion.ccipspehuajo.ar\/socios\" class = \"hfe-menu-item\">Asociate<\/a><\/li>\n<\/ul><\/nav>\n\t\t\t<\/div>\n\t\t\t\t\t<\/div>\n\t\t\t\t<\/div>\n\t\t\t\t\t<\/div>\n\t\t<\/div>\n\t\t\t\t\t\t\t<\/div>\n\t\t<\/section>\n\t\t\t\t\t<\/div>\n\t\t<\/div>\n\t\t\t\t\t\t\t<\/div>\n\t\t<\/section>\n\t\t\t\t<section class=\"elementor-section elementor-top-section elementor-element elementor-element-3cfcbad elementor-section-full_width seccionInterior0pad elementor-section-height-default elementor-section-height-default\" data-id=\"3cfcbad\" data-element_type=\"section\" data-settings=\"{&quot;background_background&quot;:&quot;classic&quot;}\" data-e-bg-lazyload=\"\">\n\t\t\t\t\t\t<div class=\"elementor-container elementor-column-gap-default\">\n\t\t\t\t\t<div class=\"elementor-column elementor-col-100 elementor-top-column elementor-element elementor-element-817b801\" data-id=\"817b801\" data-element_type=\"column\">\n\t\t\t<div class=\"elementor-widget-wrap elementor-element-populated\">\n\t\t\t\t\t\t\t\t<div class=\"elementor-element elementor-element-3db6730 elementor-widget__width-auto elementor-widget elementor-widget-heading\" data-id=\"3db6730\" data-element_type=\"widget\" data-widget_type=\"heading.default\">\n\t\t\t\t<div class=\"elementor-widget-container\">\n\t\t\t<style>\/*! elementor - v3.15.0 - 02-08-2023 *\/\n.elementor-heading-title{padding:0;margin:0;line-height:1}.elementor-widget-heading .elementor-heading-title[class*=elementor-size-]>a{color:inherit;font-size:inherit;line-height:inherit}.elementor-widget-heading .elementor-heading-title.elementor-size-small{font-size:15px}.elementor-widget-heading .elementor-heading-title.elementor-size-medium{font-size:19px}.elementor-widget-heading .elementor-heading-title.elementor-size-large{font-size:29px}.elementor-widget-heading .elementor-heading-title.elementor-size-xl{font-size:39px}.elementor-widget-heading .elementor-heading-title.elementor-size-xxl{font-size:59px}<\/style><h2 class=\"elementor-heading-title elementor-size-default\">Se realiz\u00f3 la 13\u00b0 Jornada de Gerentes Institucionales de FEBA, Enrique Grenno, represent\u00f3 a nuestra entidad<\/h2>\t\t<\/div>\n\t\t\t\t<\/div>\n\t\t\t\t\t<\/div>\n\t\t<\/div>\n\t\t\t\t\t\t\t<\/div>\n\t\t<\/section>\n\t\t\t\t<section class=\"elementor-section elementor-top-section elementor-element elementor-element-422a1e6 elementor-section-full_width elementor-section-height-default elementor-section-height-default\" data-id=\"422a1e6\" data-element_type=\"section\">\n\t\t\t\t\t\t<div class=\"elementor-container elementor-column-gap-default\">\n\t\t\t\t\t<div class=\"elementor-column elementor-col-100 elementor-top-column elementor-element elementor-element-879efd4\" data-id=\"879efd4\" data-element_type=\"column\">\n\t\t\t<div class=\"elementor-widget-wrap elementor-element-populated\">\n\t\t\t\t\t\t\t\t<div class=\"elementor-element elementor-element-d9a09bb elementor-widget elementor-widget-heading\" data-id=\"d9a09bb\" data-element_type=\"widget\" data-widget_type=\"heading.default\">\n\t\t\t\t<div class=\"elementor-widget-container\">\n\t\t\t<h2 class=\"elementor-heading-title elementor-size-default\">Videoconferencia<\/h2>\t\t<\/div>\n\t\t\t\t<\/div>\n\t\t\t\t<div class=\"elementor-element elementor-element-0daadaa elementor-widget elementor-widget-html\" data-id=\"0daadaa\" data-element_type=\"widget\" data-widget_type=\"html.default\">\n\t\t\t\t<div class=\"elementor-widget-container\">\n\t\t\t<hr>\t\t<\/div>\n\t\t\t\t<\/div>\n\t\t\t\t<div class=\"elementor-element elementor-element-c9620f7 elementor-widget elementor-widget-text-editor\" data-id=\"c9620f7\" data-element_type=\"widget\" data-widget_type=\"text-editor.default\">\n\t\t\t\t<div class=\"elementor-widget-container\">\n\t\t\t<style>\/*! elementor - v3.15.0 - 02-08-2023 *\/\n.elementor-widget-text-editor.elementor-drop-cap-view-stacked .elementor-drop-cap{background-color:#69727d;color:#fff}.elementor-widget-text-editor.elementor-drop-cap-view-framed .elementor-drop-cap{color:#69727d;border:3px solid;background-color:transparent}.elementor-widget-text-editor:not(.elementor-drop-cap-view-default) .elementor-drop-cap{margin-top:8px}.elementor-widget-text-editor:not(.elementor-drop-cap-view-default) .elementor-drop-cap-letter{width:1em;height:1em}.elementor-widget-text-editor .elementor-drop-cap{float:left;text-align:center;line-height:1;font-size:50px}.elementor-widget-text-editor .elementor-drop-cap-letter{display:inline-block}<\/style>\t\t\t\t<p>Invitados por la Federaci\u00f3n Econ\u00f3mica de la Provincia de Buenos Aires &#8211; FEBA &#8211; el ex gerente de la C\u00e1mara, a trav\u00e9s de una conferencia virtual, cont\u00f3 sobre su trabajo por m\u00e1s de 30 a\u00f1os frente a dirigentes de 115 gremiales empresarias. Durante la reuni\u00f3n las autoridades intercambiaron experiencias y desarrollos de la Gerencia Institucional.<\/p><p>El objetivo del encuentro fue capacitar a la dirigencia en los nuevos desaf\u00edos pos pandemia.<\/p>\t\t\t\t\t\t<\/div>\n\t\t\t\t<\/div>\n\t\t\t\t<div class=\"elementor-element elementor-element-59f48c6 elementor-widget elementor-widget-image\" data-id=\"59f48c6\" data-element_type=\"widget\" data-widget_type=\"image.default\">\n\t\t\t\t<div class=\"elementor-widget-container\">\n\t\t\t\t\t\t\t\t\t\t\t\t\t\t\t<img decoding=\"async\" src=\"https:\/\/gamora.ar\/wp_ccips\/wp-content\/uploads\/elementor\/thumbs\/31-ql91kqp1me2nnus2pguo6nnbjtzyff0l61aabrywhs.png\" title=\"31\" alt=\"31\" loading=\"lazy\" \/>\t\t\t\t\t\t\t\t\t\t\t\t\t\t\t<\/div>\n\t\t\t\t<\/div>\n\t\t\t\t<div class=\"elementor-element elementor-element-26fc428 elementor-widget elementor-widget-text-editor\" data-id=\"26fc428\" data-element_type=\"widget\" data-widget_type=\"text-editor.default\">\n\t\t\t\t<div class=\"elementor-widget-container\">\n\t\t\t\t\t\t\t<p>A continuaci\u00f3n, publicamos la disertaci\u00f3n completa de Enrique Grenno:<\/p><p><strong>\u201cEXPERIENCIA DE UNA GERENCIA INSTITUCIONAL\u201d<\/strong><\/p><p>Buenas tardes, bienvenidos. En primer t\u00e9rmino, deseo expresar mi profundo agradecimiento a FEBA por haberme conferido el honor de participar en este importante evento que se viene realizando desde hace tantos a\u00f1os, con tanto \u00e9xito, y fundamentalmente porque no s\u00f3lo es un encuentro de Gerentes, sino que implica una excelente oportunidad para intercambiar experiencias y aprovechar la capacitaci\u00f3n que hace a la formaci\u00f3n que se requiere para nuestro mejor desempe\u00f1o.<\/p><p>Me han convocado para contar mi experiencia como Gerente de la C\u00e1mara de Comercio, Industria, Producci\u00f3n y Servicios de Pehuaj\u00f3, y no voy a negar que me llena de orgullo representar a la Entidad que me dio tanto en aquellos 33 a\u00f1os que transit\u00e9 como gerente.<\/p><p>En ning\u00fan momento pretendo que mi presencia se tome como una c\u00e1tedra de formaci\u00f3n de gerentes, simplemente voy a volcar parte de mi experiencia que desempe\u00f1\u00e9 en medio de la transformaci\u00f3n tecnol\u00f3gica y del modo de vida que ha sufrido el mundo.<\/p><ul><li>LAS FUNCIONES DEL GERENTE DE UNA ENTIDAD EMPRESARIA:<\/li><\/ul><p>El Gerente es el nexo entre la comisi\u00f3n directiva y el personal, y muchas veces, entre la entidad y los socios. Sin invadir ni interferir en las decisiones de la comisi\u00f3n directiva, s\u00f3lo emitir nuestra opini\u00f3n dado que somos quienes vivimos cada momento de la vida institucional, pero en definitiva la decisi\u00f3n es de los directivos.<\/p><p>Siempre he sostenido que para ser gerente de una C\u00e1mara Empresaria hay que tener vocaci\u00f3n de servicio, hay que aprender a interpretar el pensamiento de sus Directivos y sus Socios, y muchas veces hay que intervenir personalmente llevando la opini\u00f3n de la C\u00e1mara a distintos \u00e1mbitos y ante distintas situaciones, unas graves y otras no tanto, y siempre hay que actuar cuidando la imagen institucional, anteponi\u00e9ndola por sobre cualquier opini\u00f3n o aspiraci\u00f3n personal. Y si corresponde representar a la instituci\u00f3n con la moderaci\u00f3n que merece nuestra funci\u00f3n, expresando el sentir de la entidad. Tuve la fortuna de haber representado a mi C\u00e1mara en innumerables ocasiones y siempre he tenido especial cuidado de seguir la l\u00ednea de trabajo que la llev\u00f3 al lugar preponderante que ocupa.<\/p><p>En este sentido, el gerente tiene que estar siempre atento a generar acciones que trasciendan el \u00e1mbito de los objetivos de la C\u00e1mara para que sean de inter\u00e9s para la comunidad, y eso fortalece la imagen institucional, en muchas ocasiones, en la ciudad se espera \u201cla palabra de la C\u00e1mara\u201d. Cuando fui convocado sorpresivamente para ser el nuevo gerente ten\u00eda dudas porque no era mi \u00e1mbito de trabajo, entonces un amigo me dijo: \u201cVas a ser el Gerente de la Instituci\u00f3n m\u00e1s importante de la Ciudad\u201d; como sos vos te vas a adaptar enseguida, y me gust\u00f3 el desaf\u00edo y tambi\u00e9n pude comprobar que efectivamente es la instituci\u00f3n m\u00e1s importante de la Pehuaj\u00f3 porque siempre cuid\u00f3 su imagen y gran parte de esa tarea es nuestra, somos la cara visible.<\/p><p>Pero, sea cual fuere el momento, nunca debemos perder de vista los objetivos primordiales de la creaci\u00f3n de nuestras entidades: la defensa de los derechos e intereses de los empresarios, cualquiera sea su tama\u00f1o y su actividad.<\/p><ul><li>GENERACION DE RECURSOS:<\/li><\/ul><p>Entre las funciones m\u00e1s importantes de la gerencia est\u00e1 la de estar siempre pensando en crear o incorporar nuevos servicios a los socios y a la comunidad, pero a su vez que sean ingresos genuinos. Por supuesto que hay servicios que son aplicables en algunas entidades y en otras no. En nuestro caso tuvimos el primer locutorio de la provincia, con 12 cabinas, hasta que llegaron nuevos sistemas y ya no ten\u00eda sentido continuar. Tambi\u00e9n los tiempos de los servicios se agotan y tenemos que pensar en otras alternativas, por ejemplo, en nuestro caso desarrollamos un sistema de cobro de servicios que denominamos \u201cMulticobros\u201d, y que instalamos en m\u00e1s de 50 C\u00e1maras de Comercio en un momento en que la cobranza resultaba rentable y logramos generar ingresos s\u00f3lidos para nosotros y para muchas otras instituciones, tambi\u00e9n se fue agotando y est\u00e1 dejando de ser rentable. La creatividad del gerente y su permanente b\u00fasqueda de recursos es uno de los objetivos principales en la funci\u00f3n que hemos elegido. Pero cuidado hay que cuidar los servicios y priorizar la buena atenci\u00f3n, un socio o usuario mal atendido multiplica la mala imagen. Por otro lado, una C\u00e1mara sin recursos pierde fuerza y capacidad para accionar.<\/p><ul><li>MANEJO DE PERSONAL:<\/li><\/ul><p>Para la incorporaci\u00f3n de nuevos servicios y para otras acciones que llevamos a cabo tenemos que ser capaces de formar un equipo de trabajo consustanciado con nuestros objetivos; sostengo que el trabajo debe ser responsable pero ameno, cuidando siempre que prime el respeto mutuo, colocando por encima de todo el aspecto humano.<\/p><p>Siempre afirmamos que cada entidad es como una familia donde sabemos la vida de todos y nos apoyamos mutuamente, tambi\u00e9n es una forma de mantener f\u00e9rreamente unido al equipo de trabajo. Siempre manifest\u00e9 que estoy agradecido por el apoyo que siempre tuvimos del personal ante cualquier circunstancia. As\u00ed como el personal de una C\u00e1mara es reconocido en toda la comunidad, tambi\u00e9n es la cara visible de la instituci\u00f3n, y debemos cuidar esa imagen que nos distingue.<\/p><ul><li>ALGUNAS ACCIONES DE INTERES QUE SEPUEDEN LLEVAR A CABO:<\/li><\/ul><p>Voy a dejar algunos tips para generar motivaci\u00f3n y fortalecer la imagen institucional, y quiz\u00e1s haya muchos que ya lo hicieron a nosotros nos dieron excelentes resultados.<\/p><p>La creatividad para generar recursos, la comunicaci\u00f3n permanente con las dem\u00e1s entidades de la regi\u00f3n a la que pertenecemos, brindar capacitaci\u00f3n permanente a los socios y su personal.<\/p><p>Y algunas acciones que perdurar\u00e1n para siempre: monolito en homenaje a fundadores, socios y directivos fallecidos; designar con el nombre de un directivo destacado al Sal\u00f3n de actos , a la sala de capacitaci\u00f3n, a la sala de reuniones, y \u201chacer estos homenajes en vida, que es cuando lo valora, lo disfruta el destinatario\u201d; todas las entidades en su estatuto tienen la figura de socio vitalicio, y tiene que ser una obligaci\u00f3n la de entregar todos los a\u00f1os, en cada aniversario el diploma a los que llegaron a la antig\u00fcedad requerida, lo van a lucir con orgullo en un lugar destacado como lo hago yo y lo veo en muchas PyMEs.<\/p><ul><li>SE VIENE UN NUEVO DESAFIO:<\/li><\/ul><p>Enfrentamos ahora un nuevo desaf\u00edo, adecuarnos al nuevo orden mundial que nos espera, apoyar a las empresas debilitadas por los efectos de la pandemia y bregar por la reactivaci\u00f3n de la econom\u00eda.<\/p><p>Desde mi lugar de nunca aspir\u00e9 a ser ejemplo de nada, tampoco hoy busco sobresalir frente a esta importante presencia de gerentes, s\u00f3lo contar mi experiencia y rescaten ustedes lo que les resulte de utilidad para la tarea diaria.<\/p><p>Agradezco a mi entidad, la C\u00e1mara de Comercio de Pehuaj\u00f3 por haberme brindado la oportunidad de desarrollarme y crecer y haber cosechado tantos amigos con los que he compartido tantas luchas y tantos momentos gratos e ingratos.<\/p><p>Ahora desde mi profesi\u00f3n de Martillero y Corredor P\u00fablico tambi\u00e9n me han honrado con un lugar en la Comisi\u00f3n Directiva; agradezco a FEBA en la persona de su presidente Sr. Camilo Alberto Kahale y del Sr. Leonardo Tasca que me invitaron a acompa\u00f1arlos en este importante encuentro y a ustedes por el respeto y la atenci\u00f3n, me han hecho sentir muy c\u00f3modo.<\/p>\t\t\t\t\t\t<\/div>\n\t\t\t\t<\/div>\n\t\t\t\t<div class=\"elementor-element elementor-element-0594392 elementor-widget elementor-widget-heading\" data-id=\"0594392\" data-element_type=\"widget\" data-widget_type=\"heading.default\">\n\t\t\t\t<div class=\"elementor-widget-container\">\n\t\t\t<h2 class=\"elementor-heading-title elementor-size-default\">Galer\u00eda<\/h2>\t\t<\/div>\n\t\t\t\t<\/div>\n\t\t\t\t<div class=\"elementor-element elementor-element-18b4f70 elementor-widget elementor-widget-html\" data-id=\"18b4f70\" data-element_type=\"widget\" data-widget_type=\"html.default\">\n\t\t\t\t<div class=\"elementor-widget-container\">\n\t\t\t<hr>\t\t<\/div>\n\t\t\t\t<\/div>\n\t\t\t\t<div class=\"elementor-element elementor-element-fefbe3a elementor-widget elementor-widget-image-gallery\" data-id=\"fefbe3a\" data-element_type=\"widget\" data-widget_type=\"image-gallery.default\">\n\t\t\t\t<div class=\"elementor-widget-container\">\n\t\t\t<style>\/*! elementor - v3.15.0 - 02-08-2023 *\/\n.elementor-image-gallery .gallery-item{display:inline-block;text-align:center;vertical-align:top;width:100%;max-width:100%;margin:0 auto}.elementor-image-gallery .gallery-item img{margin:0 auto}.elementor-image-gallery .gallery-item .gallery-caption{margin:0}.elementor-image-gallery figure img{display:block}.elementor-image-gallery figure figcaption{width:100%}.gallery-spacing-custom .elementor-image-gallery .gallery-icon{padding:0}@media (min-width:768px){.elementor-image-gallery .gallery-columns-2 .gallery-item{max-width:50%}.elementor-image-gallery .gallery-columns-3 .gallery-item{max-width:33.33%}.elementor-image-gallery .gallery-columns-4 .gallery-item{max-width:25%}.elementor-image-gallery .gallery-columns-5 .gallery-item{max-width:20%}.elementor-image-gallery .gallery-columns-6 .gallery-item{max-width:16.666%}.elementor-image-gallery .gallery-columns-7 .gallery-item{max-width:14.28%}.elementor-image-gallery .gallery-columns-8 .gallery-item{max-width:12.5%}.elementor-image-gallery .gallery-columns-9 .gallery-item{max-width:11.11%}.elementor-image-gallery .gallery-columns-10 .gallery-item{max-width:10%}}@media (min-width:480px) and (max-width:767px){.elementor-image-gallery .gallery.gallery-columns-2 .gallery-item,.elementor-image-gallery .gallery.gallery-columns-3 .gallery-item,.elementor-image-gallery .gallery.gallery-columns-4 .gallery-item,.elementor-image-gallery .gallery.gallery-columns-5 .gallery-item,.elementor-image-gallery .gallery.gallery-columns-6 .gallery-item,.elementor-image-gallery .gallery.gallery-columns-7 .gallery-item,.elementor-image-gallery .gallery.gallery-columns-8 .gallery-item,.elementor-image-gallery .gallery.gallery-columns-9 .gallery-item,.elementor-image-gallery .gallery.gallery-columns-10 .gallery-item{max-width:50%}}@media (max-width:479px){.elementor-image-gallery .gallery.gallery-columns-2 .gallery-item,.elementor-image-gallery .gallery.gallery-columns-3 .gallery-item,.elementor-image-gallery .gallery.gallery-columns-4 .gallery-item,.elementor-image-gallery .gallery.gallery-columns-5 .gallery-item,.elementor-image-gallery .gallery.gallery-columns-6 .gallery-item,.elementor-image-gallery .gallery.gallery-columns-7 .gallery-item,.elementor-image-gallery .gallery.gallery-columns-8 .gallery-item,.elementor-image-gallery .gallery.gallery-columns-9 .gallery-item,.elementor-image-gallery .gallery.gallery-columns-10 .gallery-item{max-width:100%}}<\/style>\t\t<div class=\"elementor-image-gallery\">\n\t\t\t<div id='gallery-1' class='gallery galleryid-6311 gallery-columns-2 gallery-size-medium_large'><figure class='gallery-item'>\n\t\t\t<div class='gallery-icon landscape'>\n\t\t\t\t<a data-elementor-open-lightbox=\"yes\" data-elementor-lightbox-slideshow=\"fefbe3a\" data-elementor-lightbox-title=\"31\" data-e-action-hash=\"#elementor-action%3Aaction%3Dlightbox%26settings%3DeyJpZCI6NjMxMywidXJsIjoiaHR0cHM6XC9cL2dhbW9yYS5hclwvd3BfY2NpcHNcL3dwLWNvbnRlbnRcL3VwbG9hZHNcLzIwMjFcLzA5XC8zMS5wbmciLCJzbGlkZXNob3ciOiJmZWZiZTNhIn0%3D\" href='https:\/\/gamora.ar\/wp_ccips\/wp-content\/uploads\/2021\/09\/31.png'><img loading=\"lazy\" decoding=\"async\" width=\"768\" height=\"768\" src=\"https:\/\/gamora.ar\/wp_ccips\/wp-content\/uploads\/2021\/09\/31-768x768.png\" class=\"attachment-medium_large size-medium_large\" alt=\"\" srcset=\"https:\/\/gamora.ar\/wp_ccips\/wp-content\/uploads\/2021\/09\/31-768x768.png 768w, https:\/\/gamora.ar\/wp_ccips\/wp-content\/uploads\/2021\/09\/31-300x300.png 300w, https:\/\/gamora.ar\/wp_ccips\/wp-content\/uploads\/2021\/09\/31-1024x1024.png 1024w, https:\/\/gamora.ar\/wp_ccips\/wp-content\/uploads\/2021\/09\/31-150x150.png 150w, https:\/\/gamora.ar\/wp_ccips\/wp-content\/uploads\/2021\/09\/31.png 1080w\" sizes=\"auto, (max-width: 768px) 100vw, 768px\" \/><\/a>\n\t\t\t<\/div><\/figure><figure class='gallery-item'>\n\t\t\t<div class='gallery-icon landscape'>\n\t\t\t\t<a data-elementor-open-lightbox=\"yes\" data-elementor-lightbox-slideshow=\"fefbe3a\" data-elementor-lightbox-title=\"31-0\" data-e-action-hash=\"#elementor-action%3Aaction%3Dlightbox%26settings%3DeyJpZCI6NjMxNCwidXJsIjoiaHR0cHM6XC9cL2dhbW9yYS5hclwvd3BfY2NpcHNcL3dwLWNvbnRlbnRcL3VwbG9hZHNcLzIwMjFcLzA5XC8zMS0wLnBuZyIsInNsaWRlc2hvdyI6ImZlZmJlM2EifQ%3D%3D\" href='https:\/\/gamora.ar\/wp_ccips\/wp-content\/uploads\/2021\/09\/31-0.png'><img loading=\"lazy\" decoding=\"async\" width=\"768\" height=\"768\" src=\"https:\/\/gamora.ar\/wp_ccips\/wp-content\/uploads\/2021\/09\/31-0-768x768.png\" class=\"attachment-medium_large size-medium_large\" alt=\"\" srcset=\"https:\/\/gamora.ar\/wp_ccips\/wp-content\/uploads\/2021\/09\/31-0-768x768.png 768w, https:\/\/gamora.ar\/wp_ccips\/wp-content\/uploads\/2021\/09\/31-0-300x300.png 300w, https:\/\/gamora.ar\/wp_ccips\/wp-content\/uploads\/2021\/09\/31-0-1024x1024.png 1024w, https:\/\/gamora.ar\/wp_ccips\/wp-content\/uploads\/2021\/09\/31-0-150x150.png 150w, https:\/\/gamora.ar\/wp_ccips\/wp-content\/uploads\/2021\/09\/31-0.png 1080w\" sizes=\"auto, (max-width: 768px) 100vw, 768px\" \/><\/a>\n\t\t\t<\/div><\/figure>\n\t\t<\/div>\n\t\t<\/div>\n\t\t\t\t<\/div>\n\t\t\t\t<\/div>\n\t\t\t\t<div class=\"elementor-element elementor-element-94e37ad elementor-widget elementor-widget-spacer\" data-id=\"94e37ad\" data-element_type=\"widget\" data-widget_type=\"spacer.default\">\n\t\t\t\t<div class=\"elementor-widget-container\">\n\t\t\t<style>\/*! elementor - v3.15.0 - 02-08-2023 *\/\n.elementor-column .elementor-spacer-inner{height:var(--spacer-size)}.e-con{--container-widget-width:100%}.e-con-inner>.elementor-widget-spacer,.e-con>.elementor-widget-spacer{width:var(--container-widget-width,var(--spacer-size));--align-self:var(--container-widget-align-self,initial);--flex-shrink:0}.e-con-inner>.elementor-widget-spacer>.elementor-widget-container,.e-con-inner>.elementor-widget-spacer>.elementor-widget-container>.elementor-spacer,.e-con>.elementor-widget-spacer>.elementor-widget-container,.e-con>.elementor-widget-spacer>.elementor-widget-container>.elementor-spacer{height:100%}.e-con-inner>.elementor-widget-spacer>.elementor-widget-container>.elementor-spacer>.elementor-spacer-inner,.e-con>.elementor-widget-spacer>.elementor-widget-container>.elementor-spacer>.elementor-spacer-inner{height:var(--container-widget-height,var(--spacer-size))}<\/style>\t\t<div class=\"elementor-spacer\">\n\t\t\t<div class=\"elementor-spacer-inner\"><\/div>\n\t\t<\/div>\n\t\t\t\t<\/div>\n\t\t\t\t<\/div>\n\t\t\t\t\t<\/div>\n\t\t<\/div>\n\t\t\t\t\t\t\t<\/div>\n\t\t<\/section>\n\t\t\t\t\t\t\t<\/div>\n\t\t","protected":false},"excerpt":{"rendered":"<p>Invitados por la Federaci\u00f3n Econ\u00f3mica de la Provincia de Buenos Aires &#8211; FEBA &#8211; el ex gerente de la C\u00e1mara, a trav\u00e9s de una conferencia virtual, cont\u00f3 sobre su trabajo por m\u00e1s de 30 a\u00f1os frente a dirigentes de 115 gremiales empresarias. Durante la reuni\u00f3n las autoridades intercambiaron experiencias y desarrollos de la Gerencia Institucional.<\/p>\n","protected":false},"author":1,"featured_media":6313,"comment_status":"open","ping_status":"open","sticky":false,"template":"elementor_canvas","format":"standard","meta":{"footnotes":""},"categories":[1],"tags":[],"class_list":["post-6311","post","type-post","status-publish","format-standard","has-post-thumbnail","hentry","category-noticias"],"yoast_head":"<!-- This site is optimized with the Yoast SEO plugin v20.12 - https:\/\/yoast.com\/wordpress\/plugins\/seo\/ -->\n<title>Se realiz\u00f3 la 13\u00b0 Jornada de Gerentes Institucionales de FEBA, Enrique Grenno, represent\u00f3 a nuestra entidad - CCIPS Pehuaj\u00f3<\/title>\n<meta name=\"robots\" content=\"index, follow, max-snippet:-1, max-image-preview:large, max-video-preview:-1\" \/>\n<link rel=\"canonical\" href=\"https:\/\/gamora.ar\/wp_ccips\/se-realizo-la-13-jornada-de-gerentes-institucionales-de-feba-enrique-grenno-represento-a-nuestra-entidad\/\" \/>\n<meta property=\"og:locale\" content=\"es_ES\" \/>\n<meta property=\"og:type\" content=\"article\" \/>\n<meta property=\"og:title\" content=\"Se realiz\u00f3 la 13\u00b0 Jornada de Gerentes Institucionales de FEBA, Enrique Grenno, represent\u00f3 a nuestra entidad - CCIPS Pehuaj\u00f3\" \/>\n<meta property=\"og:description\" content=\"Invitados por la Federaci\u00f3n Econ\u00f3mica de la Provincia de Buenos Aires - FEBA - el ex gerente de la C\u00e1mara, a trav\u00e9s de una conferencia virtual, cont\u00f3 sobre su trabajo por m\u00e1s de 30 a\u00f1os frente a dirigentes de 115 gremiales empresarias. Durante la reuni\u00f3n las autoridades intercambiaron experiencias y desarrollos de la Gerencia Institucional.\" \/>\n<meta property=\"og:url\" content=\"https:\/\/gamora.ar\/wp_ccips\/se-realizo-la-13-jornada-de-gerentes-institucionales-de-feba-enrique-grenno-represento-a-nuestra-entidad\/\" \/>\n<meta property=\"og:site_name\" content=\"CCIPS Pehuaj\u00f3\" \/>\n<meta property=\"article:published_time\" content=\"2021-09-19T14:17:06+00:00\" \/>\n<meta property=\"article:modified_time\" content=\"2023-08-04T15:06:37+00:00\" \/>\n<meta property=\"og:image\" content=\"https:\/\/gamora.ar\/wp_ccips\/wp-content\/uploads\/2021\/09\/31.png\" \/>\n\t<meta property=\"og:image:width\" content=\"1080\" \/>\n\t<meta property=\"og:image:height\" content=\"1080\" \/>\n\t<meta property=\"og:image:type\" content=\"image\/png\" \/>\n<meta name=\"author\" content=\"admin\" \/>\n<meta name=\"twitter:card\" content=\"summary_large_image\" \/>\n<meta name=\"twitter:label1\" content=\"Escrito por\" \/>\n\t<meta name=\"twitter:data1\" content=\"admin\" \/>\n\t<meta name=\"twitter:label2\" content=\"Tiempo de lectura\" \/>\n\t<meta name=\"twitter:data2\" content=\"7 minutos\" \/>\n<script type=\"application\/ld+json\" class=\"yoast-schema-graph\">{\"@context\":\"https:\/\/schema.org\",\"@graph\":[{\"@type\":\"WebPage\",\"@id\":\"https:\/\/gamora.ar\/wp_ccips\/se-realizo-la-13-jornada-de-gerentes-institucionales-de-feba-enrique-grenno-represento-a-nuestra-entidad\/\",\"url\":\"https:\/\/gamora.ar\/wp_ccips\/se-realizo-la-13-jornada-de-gerentes-institucionales-de-feba-enrique-grenno-represento-a-nuestra-entidad\/\",\"name\":\"Se realiz\u00f3 la 13\u00b0 Jornada de Gerentes Institucionales de FEBA, Enrique Grenno, represent\u00f3 a nuestra entidad - CCIPS Pehuaj\u00f3\",\"isPartOf\":{\"@id\":\"https:\/\/gamora.ar\/wp_ccips\/#website\"},\"datePublished\":\"2021-09-19T14:17:06+00:00\",\"dateModified\":\"2023-08-04T15:06:37+00:00\",\"author\":{\"@id\":\"https:\/\/gamora.ar\/wp_ccips\/#\/schema\/person\/e5045d8b15681fdf1338e2584f3df9c7\"},\"breadcrumb\":{\"@id\":\"https:\/\/gamora.ar\/wp_ccips\/se-realizo-la-13-jornada-de-gerentes-institucionales-de-feba-enrique-grenno-represento-a-nuestra-entidad\/#breadcrumb\"},\"inLanguage\":\"es\",\"potentialAction\":[{\"@type\":\"ReadAction\",\"target\":[\"https:\/\/gamora.ar\/wp_ccips\/se-realizo-la-13-jornada-de-gerentes-institucionales-de-feba-enrique-grenno-represento-a-nuestra-entidad\/\"]}]},{\"@type\":\"BreadcrumbList\",\"@id\":\"https:\/\/gamora.ar\/wp_ccips\/se-realizo-la-13-jornada-de-gerentes-institucionales-de-feba-enrique-grenno-represento-a-nuestra-entidad\/#breadcrumb\",\"itemListElement\":[{\"@type\":\"ListItem\",\"position\":1,\"name\":\"Portada\",\"item\":\"https:\/\/gamora.ar\/wp_ccips\/\"},{\"@type\":\"ListItem\",\"position\":2,\"name\":\"Se realiz\u00f3 la 13\u00b0 Jornada de Gerentes Institucionales de FEBA, Enrique Grenno, represent\u00f3 a nuestra entidad\"}]},{\"@type\":\"WebSite\",\"@id\":\"https:\/\/gamora.ar\/wp_ccips\/#website\",\"url\":\"https:\/\/gamora.ar\/wp_ccips\/\",\"name\":\"CCIPS Pehuaj\u00f3\",\"description\":\"\",\"potentialAction\":[{\"@type\":\"SearchAction\",\"target\":{\"@type\":\"EntryPoint\",\"urlTemplate\":\"https:\/\/gamora.ar\/wp_ccips\/?s={search_term_string}\"},\"query-input\":\"required name=search_term_string\"}],\"inLanguage\":\"es\"},{\"@type\":\"Person\",\"@id\":\"https:\/\/gamora.ar\/wp_ccips\/#\/schema\/person\/e5045d8b15681fdf1338e2584f3df9c7\",\"name\":\"admin\",\"image\":{\"@type\":\"ImageObject\",\"inLanguage\":\"es\",\"@id\":\"https:\/\/gamora.ar\/wp_ccips\/#\/schema\/person\/image\/\",\"url\":\"https:\/\/secure.gravatar.com\/avatar\/8cbeac3fb16459f25e430d50a248fa521d67c7331b319dbbeba13551423babdd?s=96&d=mm&r=g\",\"contentUrl\":\"https:\/\/secure.gravatar.com\/avatar\/8cbeac3fb16459f25e430d50a248fa521d67c7331b319dbbeba13551423babdd?s=96&d=mm&r=g\",\"caption\":\"admin\"},\"sameAs\":[\"https:\/\/gamora.ar\/wp_ccips\"],\"url\":\"https:\/\/gamora.ar\/wp_ccips\/author\/admin_ccips\/\"}]}<\/script>\n<!-- \/ Yoast SEO plugin. -->","yoast_head_json":{"title":"Se realiz\u00f3 la 13\u00b0 Jornada de Gerentes Institucionales de FEBA, Enrique Grenno, represent\u00f3 a nuestra entidad - CCIPS Pehuaj\u00f3","robots":{"index":"index","follow":"follow","max-snippet":"max-snippet:-1","max-image-preview":"max-image-preview:large","max-video-preview":"max-video-preview:-1"},"canonical":"https:\/\/gamora.ar\/wp_ccips\/se-realizo-la-13-jornada-de-gerentes-institucionales-de-feba-enrique-grenno-represento-a-nuestra-entidad\/","og_locale":"es_ES","og_type":"article","og_title":"Se realiz\u00f3 la 13\u00b0 Jornada de Gerentes Institucionales de FEBA, Enrique Grenno, represent\u00f3 a nuestra entidad - CCIPS Pehuaj\u00f3","og_description":"Invitados por la Federaci\u00f3n Econ\u00f3mica de la Provincia de Buenos Aires - FEBA - el ex gerente de la C\u00e1mara, a trav\u00e9s de una conferencia virtual, cont\u00f3 sobre su trabajo por m\u00e1s de 30 a\u00f1os frente a dirigentes de 115 gremiales empresarias. Durante la reuni\u00f3n las autoridades intercambiaron experiencias y desarrollos de la Gerencia Institucional.","og_url":"https:\/\/gamora.ar\/wp_ccips\/se-realizo-la-13-jornada-de-gerentes-institucionales-de-feba-enrique-grenno-represento-a-nuestra-entidad\/","og_site_name":"CCIPS Pehuaj\u00f3","article_published_time":"2021-09-19T14:17:06+00:00","article_modified_time":"2023-08-04T15:06:37+00:00","og_image":[{"width":1080,"height":1080,"url":"https:\/\/gamora.ar\/wp_ccips\/wp-content\/uploads\/2021\/09\/31.png","type":"image\/png"}],"author":"admin","twitter_card":"summary_large_image","twitter_misc":{"Escrito por":"admin","Tiempo de lectura":"7 minutos"},"schema":{"@context":"https:\/\/schema.org","@graph":[{"@type":"WebPage","@id":"https:\/\/gamora.ar\/wp_ccips\/se-realizo-la-13-jornada-de-gerentes-institucionales-de-feba-enrique-grenno-represento-a-nuestra-entidad\/","url":"https:\/\/gamora.ar\/wp_ccips\/se-realizo-la-13-jornada-de-gerentes-institucionales-de-feba-enrique-grenno-represento-a-nuestra-entidad\/","name":"Se realiz\u00f3 la 13\u00b0 Jornada de Gerentes Institucionales de FEBA, Enrique Grenno, represent\u00f3 a nuestra entidad - CCIPS Pehuaj\u00f3","isPartOf":{"@id":"https:\/\/gamora.ar\/wp_ccips\/#website"},"datePublished":"2021-09-19T14:17:06+00:00","dateModified":"2023-08-04T15:06:37+00:00","author":{"@id":"https:\/\/gamora.ar\/wp_ccips\/#\/schema\/person\/e5045d8b15681fdf1338e2584f3df9c7"},"breadcrumb":{"@id":"https:\/\/gamora.ar\/wp_ccips\/se-realizo-la-13-jornada-de-gerentes-institucionales-de-feba-enrique-grenno-represento-a-nuestra-entidad\/#breadcrumb"},"inLanguage":"es","potentialAction":[{"@type":"ReadAction","target":["https:\/\/gamora.ar\/wp_ccips\/se-realizo-la-13-jornada-de-gerentes-institucionales-de-feba-enrique-grenno-represento-a-nuestra-entidad\/"]}]},{"@type":"BreadcrumbList","@id":"https:\/\/gamora.ar\/wp_ccips\/se-realizo-la-13-jornada-de-gerentes-institucionales-de-feba-enrique-grenno-represento-a-nuestra-entidad\/#breadcrumb","itemListElement":[{"@type":"ListItem","position":1,"name":"Portada","item":"https:\/\/gamora.ar\/wp_ccips\/"},{"@type":"ListItem","position":2,"name":"Se realiz\u00f3 la 13\u00b0 Jornada de Gerentes Institucionales de FEBA, Enrique Grenno, represent\u00f3 a nuestra entidad"}]},{"@type":"WebSite","@id":"https:\/\/gamora.ar\/wp_ccips\/#website","url":"https:\/\/gamora.ar\/wp_ccips\/","name":"CCIPS Pehuaj\u00f3","description":"","potentialAction":[{"@type":"SearchAction","target":{"@type":"EntryPoint","urlTemplate":"https:\/\/gamora.ar\/wp_ccips\/?s={search_term_string}"},"query-input":"required name=search_term_string"}],"inLanguage":"es"},{"@type":"Person","@id":"https:\/\/gamora.ar\/wp_ccips\/#\/schema\/person\/e5045d8b15681fdf1338e2584f3df9c7","name":"admin","image":{"@type":"ImageObject","inLanguage":"es","@id":"https:\/\/gamora.ar\/wp_ccips\/#\/schema\/person\/image\/","url":"https:\/\/secure.gravatar.com\/avatar\/8cbeac3fb16459f25e430d50a248fa521d67c7331b319dbbeba13551423babdd?s=96&d=mm&r=g","contentUrl":"https:\/\/secure.gravatar.com\/avatar\/8cbeac3fb16459f25e430d50a248fa521d67c7331b319dbbeba13551423babdd?s=96&d=mm&r=g","caption":"admin"},"sameAs":["https:\/\/gamora.ar\/wp_ccips"],"url":"https:\/\/gamora.ar\/wp_ccips\/author\/admin_ccips\/"}]}},"_links":{"self":[{"href":"https:\/\/gamora.ar\/wp_ccips\/wp-json\/wp\/v2\/posts\/6311","targetHints":{"allow":["GET"]}}],"collection":[{"href":"https:\/\/gamora.ar\/wp_ccips\/wp-json\/wp\/v2\/posts"}],"about":[{"href":"https:\/\/gamora.ar\/wp_ccips\/wp-json\/wp\/v2\/types\/post"}],"author":[{"embeddable":true,"href":"https:\/\/gamora.ar\/wp_ccips\/wp-json\/wp\/v2\/users\/1"}],"replies":[{"embeddable":true,"href":"https:\/\/gamora.ar\/wp_ccips\/wp-json\/wp\/v2\/comments?post=6311"}],"version-history":[{"count":7,"href":"https:\/\/gamora.ar\/wp_ccips\/wp-json\/wp\/v2\/posts\/6311\/revisions"}],"predecessor-version":[{"id":7551,"href":"https:\/\/gamora.ar\/wp_ccips\/wp-json\/wp\/v2\/posts\/6311\/revisions\/7551"}],"wp:featuredmedia":[{"embeddable":true,"href":"https:\/\/gamora.ar\/wp_ccips\/wp-json\/wp\/v2\/media\/6313"}],"wp:attachment":[{"href":"https:\/\/gamora.ar\/wp_ccips\/wp-json\/wp\/v2\/media?parent=6311"}],"wp:term":[{"taxonomy":"category","embeddable":true,"href":"https:\/\/gamora.ar\/wp_ccips\/wp-json\/wp\/v2\/categories?post=6311"},{"taxonomy":"post_tag","embeddable":true,"href":"https:\/\/gamora.ar\/wp_ccips\/wp-json\/wp\/v2\/tags?post=6311"}],"curies":[{"name":"wp","href":"https:\/\/api.w.org\/{rel}","templated":true}]}}