{"id":7772,"date":"2023-10-09T17:07:05","date_gmt":"2023-10-09T17:07:05","guid":{"rendered":"https:\/\/gamora.ar\/wp_ccips\/?p=7772"},"modified":"2024-03-20T19:10:09","modified_gmt":"2024-03-20T19:10:09","slug":"integrantes-de-la-camara-participaron-del-retiro-dirigencial-de-jovenes-empresarios-de-feba","status":"publish","type":"post","link":"https:\/\/gamora.ar\/wp_ccips\/integrantes-de-la-camara-participaron-del-retiro-dirigencial-de-jovenes-empresarios-de-feba\/","title":{"rendered":"INTEGRANTES DE LA C\u00c1MARA PARTICIPARON DEL RETIRO DIRIGENCIAL DE J\u00d3VENES EMPRESARIOS DE FEBA"},"content":{"rendered":"\t\t<div data-elementor-type=\"wp-post\" data-elementor-id=\"7772\" class=\"elementor elementor-7772\">\n\t\t\t\t\t\t\t\t\t<section class=\"elementor-section elementor-top-section elementor-element elementor-element-883420f elementor-section-full_width seccionInterior0pad elementor-section-height-default elementor-section-height-default\" data-id=\"883420f\" data-element_type=\"section\" id=\"headNav\">\n\t\t\t\t\t\t<div class=\"elementor-container elementor-column-gap-default\">\n\t\t\t\t\t<div class=\"elementor-column elementor-col-100 elementor-top-column elementor-element elementor-element-2c25ed3\" data-id=\"2c25ed3\" data-element_type=\"column\">\n\t\t\t<div class=\"elementor-widget-wrap elementor-element-populated\">\n\t\t\t\t\t\t\t\t<section class=\"elementor-section elementor-inner-section elementor-element elementor-element-9b376e7 elementor-section-full_width elementor-section-height-default elementor-section-height-default\" data-id=\"9b376e7\" data-element_type=\"section\" id=\"gridNav\">\n\t\t\t\t\t\t<div class=\"elementor-container elementor-column-gap-default\">\n\t\t\t\t\t<div class=\"elementor-column elementor-col-100 elementor-inner-column elementor-element elementor-element-cdd5d2f\" data-id=\"cdd5d2f\" data-element_type=\"column\">\n\t\t\t<div class=\"elementor-widget-wrap elementor-element-populated\">\n\t\t\t\t\t\t\t\t<div class=\"elementor-element elementor-element-704da44 elementor-widget__width-auto elementor-widget elementor-widget-image\" data-id=\"704da44\" data-element_type=\"widget\" data-widget_type=\"image.default\">\n\t\t\t\t<div class=\"elementor-widget-container\">\n\t\t\t<style>\/*! elementor - v3.15.0 - 02-08-2023 *\/\n.elementor-widget-image{text-align:center}.elementor-widget-image a{display:inline-block}.elementor-widget-image a img[src$=\".svg\"]{width:48px}.elementor-widget-image img{vertical-align:middle;display:inline-block}<\/style>\t\t\t\t\t\t\t\t\t\t\t\t\t<a href=\"http:\/\/ccipspehuajo.ar\/inicio\">\n\t\t\t\t\t\t\t<img loading=\"lazy\" decoding=\"async\" width=\"300\" height=\"63\" src=\"https:\/\/gamora.ar\/wp_ccips\/wp-content\/uploads\/2023\/05\/COMPLETA-COLOR-TRANPARENTE-300x63.png\" class=\"attachment-medium size-medium wp-image-3594\" alt=\"Logo Centenario CCIPS Pehuaj\u00f3\" srcset=\"https:\/\/gamora.ar\/wp_ccips\/wp-content\/uploads\/2023\/05\/COMPLETA-COLOR-TRANPARENTE-300x63.png 300w, https:\/\/gamora.ar\/wp_ccips\/wp-content\/uploads\/2023\/05\/COMPLETA-COLOR-TRANPARENTE-1024x216.png 1024w, https:\/\/gamora.ar\/wp_ccips\/wp-content\/uploads\/2023\/05\/COMPLETA-COLOR-TRANPARENTE-768x162.png 768w, https:\/\/gamora.ar\/wp_ccips\/wp-content\/uploads\/2023\/05\/COMPLETA-COLOR-TRANPARENTE-1536x324.png 1536w, https:\/\/gamora.ar\/wp_ccips\/wp-content\/uploads\/2023\/05\/COMPLETA-COLOR-TRANPARENTE.png 1821w\" sizes=\"auto, (max-width: 300px) 100vw, 300px\" \/>\t\t\t\t\t\t\t\t<\/a>\n\t\t\t\t\t\t\t\t\t\t\t\t\t\t\t<\/div>\n\t\t\t\t<\/div>\n\t\t\t\t<div class=\"elementor-element elementor-element-1b193f4 hfe-nav-menu__align-right hfe-nav-menu__breakpoint-mobile elementor-widget__width-auto elementor-widget-mobile__width-auto menu_bar_short hfe-submenu-icon-arrow hfe-submenu-animation-none hfe-link-redirect-child elementor-widget elementor-widget-navigation-menu\" data-id=\"1b193f4\" data-element_type=\"widget\" id=\"menu_Movil\" data-settings=\"{&quot;menu_space_between&quot;:{&quot;unit&quot;:&quot;px&quot;,&quot;size&quot;:2,&quot;sizes&quot;:[]},&quot;toggle_size_mobile&quot;:{&quot;unit&quot;:&quot;px&quot;,&quot;size&quot;:25,&quot;sizes&quot;:[]},&quot;padding_horizontal_menu_item&quot;:{&quot;unit&quot;:&quot;px&quot;,&quot;size&quot;:15,&quot;sizes&quot;:[]},&quot;padding_horizontal_menu_item_tablet&quot;:{&quot;unit&quot;:&quot;px&quot;,&quot;size&quot;:&quot;&quot;,&quot;sizes&quot;:[]},&quot;padding_horizontal_menu_item_mobile&quot;:{&quot;unit&quot;:&quot;px&quot;,&quot;size&quot;:&quot;&quot;,&quot;sizes&quot;:[]},&quot;padding_vertical_menu_item&quot;:{&quot;unit&quot;:&quot;px&quot;,&quot;size&quot;:15,&quot;sizes&quot;:[]},&quot;padding_vertical_menu_item_tablet&quot;:{&quot;unit&quot;:&quot;px&quot;,&quot;size&quot;:&quot;&quot;,&quot;sizes&quot;:[]},&quot;padding_vertical_menu_item_mobile&quot;:{&quot;unit&quot;:&quot;px&quot;,&quot;size&quot;:&quot;&quot;,&quot;sizes&quot;:[]},&quot;menu_space_between_tablet&quot;:{&quot;unit&quot;:&quot;px&quot;,&quot;size&quot;:&quot;&quot;,&quot;sizes&quot;:[]},&quot;menu_space_between_mobile&quot;:{&quot;unit&quot;:&quot;px&quot;,&quot;size&quot;:&quot;&quot;,&quot;sizes&quot;:[]},&quot;menu_row_space&quot;:{&quot;unit&quot;:&quot;px&quot;,&quot;size&quot;:&quot;&quot;,&quot;sizes&quot;:[]},&quot;menu_row_space_tablet&quot;:{&quot;unit&quot;:&quot;px&quot;,&quot;size&quot;:&quot;&quot;,&quot;sizes&quot;:[]},&quot;menu_row_space_mobile&quot;:{&quot;unit&quot;:&quot;px&quot;,&quot;size&quot;:&quot;&quot;,&quot;sizes&quot;:[]},&quot;dropdown_border_radius&quot;:{&quot;unit&quot;:&quot;px&quot;,&quot;top&quot;:&quot;&quot;,&quot;right&quot;:&quot;&quot;,&quot;bottom&quot;:&quot;&quot;,&quot;left&quot;:&quot;&quot;,&quot;isLinked&quot;:true},&quot;dropdown_border_radius_tablet&quot;:{&quot;unit&quot;:&quot;px&quot;,&quot;top&quot;:&quot;&quot;,&quot;right&quot;:&quot;&quot;,&quot;bottom&quot;:&quot;&quot;,&quot;left&quot;:&quot;&quot;,&quot;isLinked&quot;:true},&quot;dropdown_border_radius_mobile&quot;:{&quot;unit&quot;:&quot;px&quot;,&quot;top&quot;:&quot;&quot;,&quot;right&quot;:&quot;&quot;,&quot;bottom&quot;:&quot;&quot;,&quot;left&quot;:&quot;&quot;,&quot;isLinked&quot;:true},&quot;width_dropdown_item&quot;:{&quot;unit&quot;:&quot;px&quot;,&quot;size&quot;:&quot;220&quot;,&quot;sizes&quot;:[]},&quot;width_dropdown_item_tablet&quot;:{&quot;unit&quot;:&quot;px&quot;,&quot;size&quot;:&quot;&quot;,&quot;sizes&quot;:[]},&quot;width_dropdown_item_mobile&quot;:{&quot;unit&quot;:&quot;px&quot;,&quot;size&quot;:&quot;&quot;,&quot;sizes&quot;:[]},&quot;padding_horizontal_dropdown_item&quot;:{&quot;unit&quot;:&quot;px&quot;,&quot;size&quot;:&quot;&quot;,&quot;sizes&quot;:[]},&quot;padding_horizontal_dropdown_item_tablet&quot;:{&quot;unit&quot;:&quot;px&quot;,&quot;size&quot;:&quot;&quot;,&quot;sizes&quot;:[]},&quot;padding_horizontal_dropdown_item_mobile&quot;:{&quot;unit&quot;:&quot;px&quot;,&quot;size&quot;:&quot;&quot;,&quot;sizes&quot;:[]},&quot;padding_vertical_dropdown_item&quot;:{&quot;unit&quot;:&quot;px&quot;,&quot;size&quot;:15,&quot;sizes&quot;:[]},&quot;padding_vertical_dropdown_item_tablet&quot;:{&quot;unit&quot;:&quot;px&quot;,&quot;size&quot;:&quot;&quot;,&quot;sizes&quot;:[]},&quot;padding_vertical_dropdown_item_mobile&quot;:{&quot;unit&quot;:&quot;px&quot;,&quot;size&quot;:&quot;&quot;,&quot;sizes&quot;:[]},&quot;distance_from_menu&quot;:{&quot;unit&quot;:&quot;px&quot;,&quot;size&quot;:&quot;&quot;,&quot;sizes&quot;:[]},&quot;distance_from_menu_tablet&quot;:{&quot;unit&quot;:&quot;px&quot;,&quot;size&quot;:&quot;&quot;,&quot;sizes&quot;:[]},&quot;distance_from_menu_mobile&quot;:{&quot;unit&quot;:&quot;px&quot;,&quot;size&quot;:&quot;&quot;,&quot;sizes&quot;:[]},&quot;toggle_size&quot;:{&quot;unit&quot;:&quot;px&quot;,&quot;size&quot;:&quot;&quot;,&quot;sizes&quot;:[]},&quot;toggle_size_tablet&quot;:{&quot;unit&quot;:&quot;px&quot;,&quot;size&quot;:&quot;&quot;,&quot;sizes&quot;:[]},&quot;toggle_border_width&quot;:{&quot;unit&quot;:&quot;px&quot;,&quot;size&quot;:&quot;&quot;,&quot;sizes&quot;:[]},&quot;toggle_border_width_tablet&quot;:{&quot;unit&quot;:&quot;px&quot;,&quot;size&quot;:&quot;&quot;,&quot;sizes&quot;:[]},&quot;toggle_border_width_mobile&quot;:{&quot;unit&quot;:&quot;px&quot;,&quot;size&quot;:&quot;&quot;,&quot;sizes&quot;:[]},&quot;toggle_border_radius&quot;:{&quot;unit&quot;:&quot;px&quot;,&quot;size&quot;:&quot;&quot;,&quot;sizes&quot;:[]},&quot;toggle_border_radius_tablet&quot;:{&quot;unit&quot;:&quot;px&quot;,&quot;size&quot;:&quot;&quot;,&quot;sizes&quot;:[]},&quot;toggle_border_radius_mobile&quot;:{&quot;unit&quot;:&quot;px&quot;,&quot;size&quot;:&quot;&quot;,&quot;sizes&quot;:[]},&quot;padding&quot;:{&quot;unit&quot;:&quot;px&quot;,&quot;top&quot;:&quot;&quot;,&quot;right&quot;:&quot;&quot;,&quot;bottom&quot;:&quot;&quot;,&quot;left&quot;:&quot;&quot;,&quot;isLinked&quot;:true},&quot;padding_tablet&quot;:{&quot;unit&quot;:&quot;px&quot;,&quot;top&quot;:&quot;&quot;,&quot;right&quot;:&quot;&quot;,&quot;bottom&quot;:&quot;&quot;,&quot;left&quot;:&quot;&quot;,&quot;isLinked&quot;:true},&quot;padding_mobile&quot;:{&quot;unit&quot;:&quot;px&quot;,&quot;top&quot;:&quot;&quot;,&quot;right&quot;:&quot;&quot;,&quot;bottom&quot;:&quot;&quot;,&quot;left&quot;:&quot;&quot;,&quot;isLinked&quot;:true}}\" data-widget_type=\"navigation-menu.default\">\n\t\t\t\t<div class=\"elementor-widget-container\">\n\t\t\t\t\t\t<div class=\"hfe-nav-menu hfe-layout-horizontal hfe-nav-menu-layout horizontal hfe-pointer__underline hfe-animation__grow\" data-layout=\"horizontal\" data-last-item=\"cta\">\n\t\t\t\t<div role=\"button\" class=\"hfe-nav-menu__toggle elementor-clickable\">\n\t\t\t\t\t<span class=\"screen-reader-text\">Men\u00fa<\/span>\n\t\t\t\t\t<div class=\"hfe-nav-menu-icon\">\n\t\t\t\t\t\t<i aria-hidden=\"true\"  class=\"fas fa-align-justify\"><\/i>\t\t\t\t\t<\/div>\n\t\t\t\t<\/div>\n\t\t\t\t<nav class=\"hfe-nav-menu__layout-horizontal hfe-nav-menu__submenu-arrow\" data-toggle-icon=\"&lt;i aria-hidden=&quot;true&quot; tabindex=&quot;0&quot; class=&quot;fas fa-align-justify&quot;&gt;&lt;\/i&gt;\" data-close-icon=\"&lt;i aria-hidden=&quot;true&quot; tabindex=&quot;0&quot; class=&quot;fas fa-window-close&quot;&gt;&lt;\/i&gt;\" data-full-width=\"yes\"><ul id=\"menu-1-1b193f4\" class=\"hfe-nav-menu\"><li id=\"menu-item-6986\" class=\"menu-item menu-item-type-post_type menu-item-object-page menu-item-home parent hfe-creative-menu\"><a href=\"https:\/\/gamora.ar\/wp_ccips\/\" class = \"hfe-menu-item\">Inicio<\/a><\/li>\n<li id=\"menu-item-6989\" class=\"menu-item menu-item-type-post_type menu-item-object-page parent hfe-creative-menu\"><a href=\"https:\/\/gamora.ar\/wp_ccips\/noticias\/\" class = \"hfe-menu-item\">Noticias<\/a><\/li>\n<li id=\"menu-item-6988\" class=\"menu-item menu-item-type-post_type menu-item-object-page parent hfe-creative-menu\"><a href=\"https:\/\/gamora.ar\/wp_ccips\/nosotros\/\" class = \"hfe-menu-item\">Nosotros<\/a><\/li>\n<li id=\"menu-item-6987\" class=\"menu-item menu-item-type-post_type menu-item-object-page parent hfe-creative-menu\"><a href=\"https:\/\/gamora.ar\/wp_ccips\/contacto\/\" class = \"hfe-menu-item\">Contacto<\/a><\/li>\n<li id=\"menu-item-6991\" class=\"menu-item menu-item-type-custom menu-item-object-custom parent hfe-creative-menu\"><a href=\"http:\/\/gestion.ccipspehuajo.ar\/eventos\" class = \"hfe-menu-item\">Eventos<\/a><\/li>\n<li id=\"menu-item-6993\" class=\"menu-item menu-item-type-custom menu-item-object-custom parent hfe-creative-menu\"><a href=\"http:\/\/gestion.ccipspehuajo.ar\/trabajo\" class = \"hfe-menu-item\">Bolsa de trabajo<\/a><\/li>\n<li id=\"menu-item-6992\" class=\"menu-item menu-item-type-custom menu-item-object-custom parent hfe-creative-menu\"><a href=\"http:\/\/gestion.ccipspehuajo.ar\/socios\" class = \"hfe-menu-item\">Asociate<\/a><\/li>\n<\/ul><\/nav>\n\t\t\t<\/div>\n\t\t\t\t\t<\/div>\n\t\t\t\t<\/div>\n\t\t\t\t\t<\/div>\n\t\t<\/div>\n\t\t\t\t\t\t\t<\/div>\n\t\t<\/section>\n\t\t\t\t\t<\/div>\n\t\t<\/div>\n\t\t\t\t\t\t\t<\/div>\n\t\t<\/section>\n\t\t\t\t<section class=\"elementor-section elementor-top-section elementor-element elementor-element-3cfcbad elementor-section-full_width seccionInterior0pad elementor-section-height-default elementor-section-height-default\" data-id=\"3cfcbad\" data-element_type=\"section\" data-settings=\"{&quot;background_background&quot;:&quot;classic&quot;}\" data-e-bg-lazyload=\"\">\n\t\t\t\t\t\t<div class=\"elementor-container elementor-column-gap-default\">\n\t\t\t\t\t<div class=\"elementor-column elementor-col-100 elementor-top-column elementor-element elementor-element-817b801\" data-id=\"817b801\" data-element_type=\"column\">\n\t\t\t<div class=\"elementor-widget-wrap elementor-element-populated\">\n\t\t\t\t\t\t\t\t<div class=\"elementor-element elementor-element-3db6730 elementor-widget__width-auto elementor-widget elementor-widget-heading\" data-id=\"3db6730\" data-element_type=\"widget\" data-widget_type=\"heading.default\">\n\t\t\t\t<div class=\"elementor-widget-container\">\n\t\t\t<style>\/*! elementor - v3.15.0 - 02-08-2023 *\/\n.elementor-heading-title{padding:0;margin:0;line-height:1}.elementor-widget-heading .elementor-heading-title[class*=elementor-size-]>a{color:inherit;font-size:inherit;line-height:inherit}.elementor-widget-heading .elementor-heading-title.elementor-size-small{font-size:15px}.elementor-widget-heading .elementor-heading-title.elementor-size-medium{font-size:19px}.elementor-widget-heading .elementor-heading-title.elementor-size-large{font-size:29px}.elementor-widget-heading .elementor-heading-title.elementor-size-xl{font-size:39px}.elementor-widget-heading .elementor-heading-title.elementor-size-xxl{font-size:59px}<\/style><h2 class=\"elementor-heading-title elementor-size-default\">INTEGRANTES DE LA C\u00c1MARA PARTICIPARON DEL RETIRO DIRIGENCIAL DE J\u00d3VENES EMPRESARIOS DE FEBA<\/h2>\t\t<\/div>\n\t\t\t\t<\/div>\n\t\t\t\t\t<\/div>\n\t\t<\/div>\n\t\t\t\t\t\t\t<\/div>\n\t\t<\/section>\n\t\t\t\t<section class=\"elementor-section elementor-top-section elementor-element elementor-element-422a1e6 elementor-section-full_width elementor-section-height-default elementor-section-height-default\" data-id=\"422a1e6\" data-element_type=\"section\">\n\t\t\t\t\t\t<div class=\"elementor-container elementor-column-gap-default\">\n\t\t\t\t\t<div class=\"elementor-column elementor-col-100 elementor-top-column elementor-element elementor-element-879efd4\" data-id=\"879efd4\" data-element_type=\"column\">\n\t\t\t<div class=\"elementor-widget-wrap elementor-element-populated\">\n\t\t\t\t\t\t\t\t<div class=\"elementor-element elementor-element-d9a09bb elementor-widget elementor-widget-heading\" data-id=\"d9a09bb\" data-element_type=\"widget\" data-widget_type=\"heading.default\">\n\t\t\t\t<div class=\"elementor-widget-container\">\n\t\t\t<h2 class=\"elementor-heading-title elementor-size-default\">J\u00f3venes empresarios de FEBA<\/h2>\t\t<\/div>\n\t\t\t\t<\/div>\n\t\t\t\t<div class=\"elementor-element elementor-element-0daadaa elementor-widget elementor-widget-html\" data-id=\"0daadaa\" data-element_type=\"widget\" data-widget_type=\"html.default\">\n\t\t\t\t<div class=\"elementor-widget-container\">\n\t\t\t<hr>\t\t<\/div>\n\t\t\t\t<\/div>\n\t\t\t\t<div class=\"elementor-element elementor-element-c9620f7 elementor-widget elementor-widget-text-editor\" data-id=\"c9620f7\" data-element_type=\"widget\" data-widget_type=\"text-editor.default\">\n\t\t\t\t<div class=\"elementor-widget-container\">\n\t\t\t<style>\/*! elementor - v3.15.0 - 02-08-2023 *\/\n.elementor-widget-text-editor.elementor-drop-cap-view-stacked .elementor-drop-cap{background-color:#69727d;color:#fff}.elementor-widget-text-editor.elementor-drop-cap-view-framed .elementor-drop-cap{color:#69727d;border:3px solid;background-color:transparent}.elementor-widget-text-editor:not(.elementor-drop-cap-view-default) .elementor-drop-cap{margin-top:8px}.elementor-widget-text-editor:not(.elementor-drop-cap-view-default) .elementor-drop-cap-letter{width:1em;height:1em}.elementor-widget-text-editor .elementor-drop-cap{float:left;text-align:center;line-height:1;font-size:50px}.elementor-widget-text-editor .elementor-drop-cap-letter{display:inline-block}<\/style>\t\t\t\t<p>El viernes 6 y s\u00e1bado 7 de octubre dos integrantes de nuestra comisi\u00f3n directiva participaron del Retiro Dirigencial 2023 organizado por JEFEBA \u2013 J\u00f3venes Empresarios de la Federaci\u00f3n Econ\u00f3mica de la Provincia de Buenos Aires \u2013, en el Parque Industrial de Chivilcoy.La jornada comenz\u00f3 con un desayuno y el discurso de bienvenida de Stefania Mogno, presidenta de JEFEBA, quien agradeci\u00f3 a las autoridades.Posteriormente se realiz\u00f3 un recorrido por la empresa Bicontinentar, dedicada a la fabricaci\u00f3n de calzado de marcas tales como Montagne, Hush Puppies, Olympicus; entre otras. Fueron recibidos por Juan Recce, director de la firma y dirigente de ADIBA &#8211; Asociaci\u00f3n de Industriales de la provincia de Buenos Aires -, sector industrial de FEBA. Del mismo modo, los acompa\u00f1\u00f3 el presidente de CECOINSE &#8211; Centro Comercial, Industrial y Servicios de Chivilcoy-, Julio Morrone y Jorge Ballerini, presidente de la Asociaci\u00f3n de Propietarios Parque Industrial Chivilcoy.<\/p>\t\t\t\t\t\t<\/div>\n\t\t\t\t<\/div>\n\t\t\t\t<div class=\"elementor-element elementor-element-59f48c6 elementor-widget elementor-widget-image\" data-id=\"59f48c6\" data-element_type=\"widget\" data-widget_type=\"image.default\">\n\t\t\t\t<div class=\"elementor-widget-container\">\n\t\t\t\t\t\t\t\t\t\t\t\t\t\t\t<img decoding=\"async\" src=\"https:\/\/gamora.ar\/wp_ccips\/wp-content\/uploads\/elementor\/thumbs\/1-1024x1024-1-qli47olt8d6ft09dqu2rbtu6f9o55u787e7fcqvabk.png\" title=\"1-1024&#215;1024\" alt=\"1-1024x1024\" loading=\"lazy\" \/>\t\t\t\t\t\t\t\t\t\t\t\t\t\t\t<\/div>\n\t\t\t\t<\/div>\n\t\t\t\t<div class=\"elementor-element elementor-element-26fc428 elementor-widget elementor-widget-text-editor\" data-id=\"26fc428\" data-element_type=\"widget\" data-widget_type=\"text-editor.default\">\n\t\t\t\t<div class=\"elementor-widget-container\">\n\t\t\t\t\t\t\t<p>El objetivo de las jornadas fue capacitar a los participantes en la gremial empresaria pyme bonaerense. Adem\u00e1s, recibieron el entrenamiento \u00abTransformaci\u00f3n en las entidades gremiales\u00bb a cargo del ing. Jos\u00e9 Luis Mi\u00f1o. Del mismo modo, realizaron actividades con los ex presidentes y con el capacitador, Lic. Daniel Carballo de CAME sobre oratoria y comunicaci\u00f3n en las pymes. Del encuentro tambi\u00e9n particip\u00f3 el presidente de FEBA, Camilo Alberto Kahale; el presidente de CECOINSE, Julio Morrone; el intendente municipal, Guillermo Alejandro Britos; Carmen la Ruin, secretaria de gobierno y Juan Cursio, secretario de producci\u00f3n.Acompa\u00f1aron Guillermo Anso, protesorero; Federico Szir, secretario de relaciones laborales y Javier Montalbetti, ex presidente JEFEBA y presidente de CETIC &#8211; C\u00e1mara Empresaria de Tecnolog\u00eda, Inform\u00e1tica y Comunicaciones -. Por parte de nuestra entidad concurrieron Daiana Sevillano y Lara Pascua, integrantes de comisi\u00f3n directiva.FEBA nuclea a empresarios y empresarias j\u00f3venes -18 y 40 a\u00f1os- de todo el territorio bonaerense con el objetivo de impulsar, visibilizar y desarrollar el trabajo que llevan adelante en sus peque\u00f1as y medianas empresas.Desde hace 15 a\u00f1os trabaja en la formaci\u00f3n de j\u00f3venes dirigentes que trabajan en la articulaci\u00f3n de herramientas y acciones con diversas entidades y organismos buscando el apuntalamiento de este sector del empresariado bonaerense.<\/p>\t\t\t\t\t\t<\/div>\n\t\t\t\t<\/div>\n\t\t\t\t<div class=\"elementor-element elementor-element-0594392 elementor-widget elementor-widget-heading\" data-id=\"0594392\" data-element_type=\"widget\" data-widget_type=\"heading.default\">\n\t\t\t\t<div class=\"elementor-widget-container\">\n\t\t\t<h2 class=\"elementor-heading-title elementor-size-default\">Galer\u00eda<\/h2>\t\t<\/div>\n\t\t\t\t<\/div>\n\t\t\t\t<div class=\"elementor-element elementor-element-18b4f70 elementor-widget elementor-widget-html\" data-id=\"18b4f70\" data-element_type=\"widget\" data-widget_type=\"html.default\">\n\t\t\t\t<div class=\"elementor-widget-container\">\n\t\t\t<hr>\t\t<\/div>\n\t\t\t\t<\/div>\n\t\t\t\t<div class=\"elementor-element elementor-element-fefbe3a elementor-widget elementor-widget-image-gallery\" data-id=\"fefbe3a\" data-element_type=\"widget\" data-widget_type=\"image-gallery.default\">\n\t\t\t\t<div class=\"elementor-widget-container\">\n\t\t\t<style>\/*! elementor - v3.15.0 - 02-08-2023 *\/\n.elementor-image-gallery .gallery-item{display:inline-block;text-align:center;vertical-align:top;width:100%;max-width:100%;margin:0 auto}.elementor-image-gallery .gallery-item img{margin:0 auto}.elementor-image-gallery .gallery-item .gallery-caption{margin:0}.elementor-image-gallery figure img{display:block}.elementor-image-gallery figure figcaption{width:100%}.gallery-spacing-custom .elementor-image-gallery .gallery-icon{padding:0}@media (min-width:768px){.elementor-image-gallery .gallery-columns-2 .gallery-item{max-width:50%}.elementor-image-gallery .gallery-columns-3 .gallery-item{max-width:33.33%}.elementor-image-gallery .gallery-columns-4 .gallery-item{max-width:25%}.elementor-image-gallery .gallery-columns-5 .gallery-item{max-width:20%}.elementor-image-gallery .gallery-columns-6 .gallery-item{max-width:16.666%}.elementor-image-gallery .gallery-columns-7 .gallery-item{max-width:14.28%}.elementor-image-gallery .gallery-columns-8 .gallery-item{max-width:12.5%}.elementor-image-gallery .gallery-columns-9 .gallery-item{max-width:11.11%}.elementor-image-gallery .gallery-columns-10 .gallery-item{max-width:10%}}@media (min-width:480px) and (max-width:767px){.elementor-image-gallery .gallery.gallery-columns-2 .gallery-item,.elementor-image-gallery .gallery.gallery-columns-3 .gallery-item,.elementor-image-gallery .gallery.gallery-columns-4 .gallery-item,.elementor-image-gallery .gallery.gallery-columns-5 .gallery-item,.elementor-image-gallery .gallery.gallery-columns-6 .gallery-item,.elementor-image-gallery .gallery.gallery-columns-7 .gallery-item,.elementor-image-gallery .gallery.gallery-columns-8 .gallery-item,.elementor-image-gallery .gallery.gallery-columns-9 .gallery-item,.elementor-image-gallery .gallery.gallery-columns-10 .gallery-item{max-width:50%}}@media (max-width:479px){.elementor-image-gallery .gallery.gallery-columns-2 .gallery-item,.elementor-image-gallery .gallery.gallery-columns-3 .gallery-item,.elementor-image-gallery .gallery.gallery-columns-4 .gallery-item,.elementor-image-gallery .gallery.gallery-columns-5 .gallery-item,.elementor-image-gallery .gallery.gallery-columns-6 .gallery-item,.elementor-image-gallery .gallery.gallery-columns-7 .gallery-item,.elementor-image-gallery .gallery.gallery-columns-8 .gallery-item,.elementor-image-gallery .gallery.gallery-columns-9 .gallery-item,.elementor-image-gallery .gallery.gallery-columns-10 .gallery-item{max-width:100%}}<\/style>\t\t<div class=\"elementor-image-gallery\">\n\t\t\t<div id='gallery-1' class='gallery galleryid-7772 gallery-columns-3 gallery-size-medium_large'><figure class='gallery-item'>\n\t\t\t<div class='gallery-icon landscape'>\n\t\t\t\t<a data-elementor-open-lightbox=\"yes\" data-elementor-lightbox-slideshow=\"fefbe3a\" data-elementor-lightbox-title=\"4-1024x1024\" data-e-action-hash=\"#elementor-action%3Aaction%3Dlightbox%26settings%3DeyJpZCI6Nzc3NSwidXJsIjoiaHR0cHM6XC9cL2dhbW9yYS5hclwvd3BfY2NpcHNcL3dwLWNvbnRlbnRcL3VwbG9hZHNcLzIwMjNcLzEwXC80LTEwMjR4MTAyNC0xLnBuZyIsInNsaWRlc2hvdyI6ImZlZmJlM2EifQ%3D%3D\" href='https:\/\/gamora.ar\/wp_ccips\/wp-content\/uploads\/2023\/10\/4-1024x1024-1.png'><img loading=\"lazy\" decoding=\"async\" width=\"768\" height=\"768\" src=\"https:\/\/gamora.ar\/wp_ccips\/wp-content\/uploads\/2023\/10\/4-1024x1024-1-768x768.png\" class=\"attachment-medium_large size-medium_large\" alt=\"\" srcset=\"https:\/\/gamora.ar\/wp_ccips\/wp-content\/uploads\/2023\/10\/4-1024x1024-1-768x768.png 768w, https:\/\/gamora.ar\/wp_ccips\/wp-content\/uploads\/2023\/10\/4-1024x1024-1-300x300.png 300w, https:\/\/gamora.ar\/wp_ccips\/wp-content\/uploads\/2023\/10\/4-1024x1024-1-150x150.png 150w, https:\/\/gamora.ar\/wp_ccips\/wp-content\/uploads\/2023\/10\/4-1024x1024-1.png 1024w\" sizes=\"auto, (max-width: 768px) 100vw, 768px\" \/><\/a>\n\t\t\t<\/div><\/figure><figure class='gallery-item'>\n\t\t\t<div class='gallery-icon landscape'>\n\t\t\t\t<a data-elementor-open-lightbox=\"yes\" data-elementor-lightbox-slideshow=\"fefbe3a\" data-elementor-lightbox-title=\"1-1024x1024\" data-e-action-hash=\"#elementor-action%3Aaction%3Dlightbox%26settings%3DeyJpZCI6Nzc3NCwidXJsIjoiaHR0cHM6XC9cL2dhbW9yYS5hclwvd3BfY2NpcHNcL3dwLWNvbnRlbnRcL3VwbG9hZHNcLzIwMjNcLzEwXC8xLTEwMjR4MTAyNC0xLnBuZyIsInNsaWRlc2hvdyI6ImZlZmJlM2EifQ%3D%3D\" href='https:\/\/gamora.ar\/wp_ccips\/wp-content\/uploads\/2023\/10\/1-1024x1024-1.png'><img loading=\"lazy\" decoding=\"async\" width=\"768\" height=\"768\" src=\"https:\/\/gamora.ar\/wp_ccips\/wp-content\/uploads\/2023\/10\/1-1024x1024-1-768x768.png\" class=\"attachment-medium_large size-medium_large\" alt=\"\" srcset=\"https:\/\/gamora.ar\/wp_ccips\/wp-content\/uploads\/2023\/10\/1-1024x1024-1-768x768.png 768w, https:\/\/gamora.ar\/wp_ccips\/wp-content\/uploads\/2023\/10\/1-1024x1024-1-300x300.png 300w, https:\/\/gamora.ar\/wp_ccips\/wp-content\/uploads\/2023\/10\/1-1024x1024-1-150x150.png 150w, https:\/\/gamora.ar\/wp_ccips\/wp-content\/uploads\/2023\/10\/1-1024x1024-1.png 1024w\" sizes=\"auto, (max-width: 768px) 100vw, 768px\" \/><\/a>\n\t\t\t<\/div><\/figure>\n\t\t<\/div>\n\t\t<\/div>\n\t\t\t\t<\/div>\n\t\t\t\t<\/div>\n\t\t\t\t<div class=\"elementor-element elementor-element-94e37ad elementor-widget elementor-widget-spacer\" data-id=\"94e37ad\" data-element_type=\"widget\" data-widget_type=\"spacer.default\">\n\t\t\t\t<div class=\"elementor-widget-container\">\n\t\t\t<style>\/*! elementor - v3.15.0 - 02-08-2023 *\/\n.elementor-column .elementor-spacer-inner{height:var(--spacer-size)}.e-con{--container-widget-width:100%}.e-con-inner>.elementor-widget-spacer,.e-con>.elementor-widget-spacer{width:var(--container-widget-width,var(--spacer-size));--align-self:var(--container-widget-align-self,initial);--flex-shrink:0}.e-con-inner>.elementor-widget-spacer>.elementor-widget-container,.e-con-inner>.elementor-widget-spacer>.elementor-widget-container>.elementor-spacer,.e-con>.elementor-widget-spacer>.elementor-widget-container,.e-con>.elementor-widget-spacer>.elementor-widget-container>.elementor-spacer{height:100%}.e-con-inner>.elementor-widget-spacer>.elementor-widget-container>.elementor-spacer>.elementor-spacer-inner,.e-con>.elementor-widget-spacer>.elementor-widget-container>.elementor-spacer>.elementor-spacer-inner{height:var(--container-widget-height,var(--spacer-size))}<\/style>\t\t<div class=\"elementor-spacer\">\n\t\t\t<div class=\"elementor-spacer-inner\"><\/div>\n\t\t<\/div>\n\t\t\t\t<\/div>\n\t\t\t\t<\/div>\n\t\t\t\t\t<\/div>\n\t\t<\/div>\n\t\t\t\t\t\t\t<\/div>\n\t\t<\/section>\n\t\t\t\t\t\t\t<\/div>\n\t\t","protected":false},"excerpt":{"rendered":"<p>El viernes 6 y s\u00e1bado 7 de octubre dos integrantes de nuestra comisi\u00f3n directiva participaron del Retiro Dirigencial 2023 organizado por JEFEBA \u2013 J\u00f3venes Empresarios de la Federaci\u00f3n Econ\u00f3mica de la Provincia de Buenos Aires \u2013, en el Parque Industrial de Chivilcoy.La jornada comenz\u00f3 con un desayuno y el discurso de bienvenida de Stefania Mogno, presidenta de JEFEBA, quien agradeci\u00f3 a las autoridades.Posteriormente se realiz\u00f3 un recorrido por la empresa Bicontinentar, dedicada a la fabricaci\u00f3n de calzado de marcas tales como Montagne, Hush Puppies, Olympicus; entre otras. Fueron recibidos por Juan Recce, director de la firma y dirigente de ADIBA &#8211; Asociaci\u00f3n de Industriales de la provincia de Buenos Aires -, sector industrial de FEBA. Del mismo modo, los acompa\u00f1\u00f3 el presidente de CECOINSE &#8211; Centro Comercial, Industrial y Servicios de Chivilcoy-, Julio Morrone y Jorge Ballerini, presidente de la Asociaci\u00f3n de Propietarios Parque Industrial Chivilcoy.<\/p>\n","protected":false},"author":1,"featured_media":7774,"comment_status":"open","ping_status":"open","sticky":false,"template":"elementor_canvas","format":"standard","meta":{"footnotes":""},"categories":[1],"tags":[],"class_list":["post-7772","post","type-post","status-publish","format-standard","has-post-thumbnail","hentry","category-noticias"],"yoast_head":"<!-- This site is optimized with the Yoast SEO plugin v20.12 - https:\/\/yoast.com\/wordpress\/plugins\/seo\/ -->\n<title>INTEGRANTES DE LA C\u00c1MARA PARTICIPARON DEL RETIRO DIRIGENCIAL DE J\u00d3VENES EMPRESARIOS DE FEBA - CCIPS Pehuaj\u00f3<\/title>\n<meta name=\"robots\" content=\"index, follow, max-snippet:-1, max-image-preview:large, max-video-preview:-1\" \/>\n<link rel=\"canonical\" href=\"https:\/\/gamora.ar\/wp_ccips\/integrantes-de-la-camara-participaron-del-retiro-dirigencial-de-jovenes-empresarios-de-feba\/\" \/>\n<meta property=\"og:locale\" content=\"es_ES\" \/>\n<meta property=\"og:type\" content=\"article\" \/>\n<meta property=\"og:title\" content=\"INTEGRANTES DE LA C\u00c1MARA PARTICIPARON DEL RETIRO DIRIGENCIAL DE J\u00d3VENES EMPRESARIOS DE FEBA - CCIPS Pehuaj\u00f3\" \/>\n<meta property=\"og:description\" content=\"El viernes 6 y s\u00e1bado 7 de octubre dos integrantes de nuestra comisi\u00f3n directiva participaron del Retiro Dirigencial 2023 organizado por JEFEBA \u2013 J\u00f3venes Empresarios de la Federaci\u00f3n Econ\u00f3mica de la Provincia de Buenos Aires \u2013, en el Parque Industrial de Chivilcoy.La jornada comenz\u00f3 con un desayuno y el discurso de bienvenida de Stefania Mogno, presidenta de JEFEBA, quien agradeci\u00f3 a las autoridades.Posteriormente se realiz\u00f3 un recorrido por la empresa Bicontinentar, dedicada a la fabricaci\u00f3n de calzado de marcas tales como Montagne, Hush Puppies, Olympicus; entre otras. Fueron recibidos por Juan Recce, director de la firma y dirigente de ADIBA - Asociaci\u00f3n de Industriales de la provincia de Buenos Aires -, sector industrial de FEBA. Del mismo modo, los acompa\u00f1\u00f3 el presidente de CECOINSE - Centro Comercial, Industrial y Servicios de Chivilcoy-, Julio Morrone y Jorge Ballerini, presidente de la Asociaci\u00f3n de Propietarios Parque Industrial Chivilcoy.\" \/>\n<meta property=\"og:url\" content=\"https:\/\/gamora.ar\/wp_ccips\/integrantes-de-la-camara-participaron-del-retiro-dirigencial-de-jovenes-empresarios-de-feba\/\" \/>\n<meta property=\"og:site_name\" content=\"CCIPS Pehuaj\u00f3\" \/>\n<meta property=\"article:published_time\" content=\"2023-10-09T17:07:05+00:00\" \/>\n<meta property=\"article:modified_time\" content=\"2024-03-20T19:10:09+00:00\" \/>\n<meta property=\"og:image\" content=\"https:\/\/gamora.ar\/wp_ccips\/wp-content\/uploads\/2023\/10\/1-1024x1024-1.png\" \/>\n\t<meta property=\"og:image:width\" content=\"1024\" \/>\n\t<meta property=\"og:image:height\" content=\"1024\" \/>\n\t<meta property=\"og:image:type\" content=\"image\/png\" \/>\n<meta name=\"author\" content=\"admin\" \/>\n<meta name=\"twitter:card\" content=\"summary_large_image\" \/>\n<meta name=\"twitter:label1\" content=\"Escrito por\" \/>\n\t<meta name=\"twitter:data1\" content=\"admin\" \/>\n\t<meta name=\"twitter:label2\" content=\"Tiempo de lectura\" \/>\n\t<meta name=\"twitter:data2\" content=\"3 minutos\" \/>\n<script type=\"application\/ld+json\" class=\"yoast-schema-graph\">{\"@context\":\"https:\/\/schema.org\",\"@graph\":[{\"@type\":\"WebPage\",\"@id\":\"https:\/\/gamora.ar\/wp_ccips\/integrantes-de-la-camara-participaron-del-retiro-dirigencial-de-jovenes-empresarios-de-feba\/\",\"url\":\"https:\/\/gamora.ar\/wp_ccips\/integrantes-de-la-camara-participaron-del-retiro-dirigencial-de-jovenes-empresarios-de-feba\/\",\"name\":\"INTEGRANTES DE LA C\u00c1MARA PARTICIPARON DEL RETIRO DIRIGENCIAL DE J\u00d3VENES EMPRESARIOS DE FEBA - CCIPS Pehuaj\u00f3\",\"isPartOf\":{\"@id\":\"https:\/\/gamora.ar\/wp_ccips\/#website\"},\"datePublished\":\"2023-10-09T17:07:05+00:00\",\"dateModified\":\"2024-03-20T19:10:09+00:00\",\"author\":{\"@id\":\"https:\/\/gamora.ar\/wp_ccips\/#\/schema\/person\/e5045d8b15681fdf1338e2584f3df9c7\"},\"breadcrumb\":{\"@id\":\"https:\/\/gamora.ar\/wp_ccips\/integrantes-de-la-camara-participaron-del-retiro-dirigencial-de-jovenes-empresarios-de-feba\/#breadcrumb\"},\"inLanguage\":\"es\",\"potentialAction\":[{\"@type\":\"ReadAction\",\"target\":[\"https:\/\/gamora.ar\/wp_ccips\/integrantes-de-la-camara-participaron-del-retiro-dirigencial-de-jovenes-empresarios-de-feba\/\"]}]},{\"@type\":\"BreadcrumbList\",\"@id\":\"https:\/\/gamora.ar\/wp_ccips\/integrantes-de-la-camara-participaron-del-retiro-dirigencial-de-jovenes-empresarios-de-feba\/#breadcrumb\",\"itemListElement\":[{\"@type\":\"ListItem\",\"position\":1,\"name\":\"Portada\",\"item\":\"https:\/\/gamora.ar\/wp_ccips\/\"},{\"@type\":\"ListItem\",\"position\":2,\"name\":\"INTEGRANTES DE LA C\u00c1MARA PARTICIPARON DEL RETIRO DIRIGENCIAL DE J\u00d3VENES EMPRESARIOS DE FEBA\"}]},{\"@type\":\"WebSite\",\"@id\":\"https:\/\/gamora.ar\/wp_ccips\/#website\",\"url\":\"https:\/\/gamora.ar\/wp_ccips\/\",\"name\":\"CCIPS Pehuaj\u00f3\",\"description\":\"\",\"potentialAction\":[{\"@type\":\"SearchAction\",\"target\":{\"@type\":\"EntryPoint\",\"urlTemplate\":\"https:\/\/gamora.ar\/wp_ccips\/?s={search_term_string}\"},\"query-input\":\"required name=search_term_string\"}],\"inLanguage\":\"es\"},{\"@type\":\"Person\",\"@id\":\"https:\/\/gamora.ar\/wp_ccips\/#\/schema\/person\/e5045d8b15681fdf1338e2584f3df9c7\",\"name\":\"admin\",\"image\":{\"@type\":\"ImageObject\",\"inLanguage\":\"es\",\"@id\":\"https:\/\/gamora.ar\/wp_ccips\/#\/schema\/person\/image\/\",\"url\":\"https:\/\/secure.gravatar.com\/avatar\/8cbeac3fb16459f25e430d50a248fa521d67c7331b319dbbeba13551423babdd?s=96&d=mm&r=g\",\"contentUrl\":\"https:\/\/secure.gravatar.com\/avatar\/8cbeac3fb16459f25e430d50a248fa521d67c7331b319dbbeba13551423babdd?s=96&d=mm&r=g\",\"caption\":\"admin\"},\"sameAs\":[\"https:\/\/gamora.ar\/wp_ccips\"],\"url\":\"https:\/\/gamora.ar\/wp_ccips\/author\/admin_ccips\/\"}]}<\/script>\n<!-- \/ Yoast SEO plugin. -->","yoast_head_json":{"title":"INTEGRANTES DE LA C\u00c1MARA PARTICIPARON DEL RETIRO DIRIGENCIAL DE J\u00d3VENES EMPRESARIOS DE FEBA - CCIPS Pehuaj\u00f3","robots":{"index":"index","follow":"follow","max-snippet":"max-snippet:-1","max-image-preview":"max-image-preview:large","max-video-preview":"max-video-preview:-1"},"canonical":"https:\/\/gamora.ar\/wp_ccips\/integrantes-de-la-camara-participaron-del-retiro-dirigencial-de-jovenes-empresarios-de-feba\/","og_locale":"es_ES","og_type":"article","og_title":"INTEGRANTES DE LA C\u00c1MARA PARTICIPARON DEL RETIRO DIRIGENCIAL DE J\u00d3VENES EMPRESARIOS DE FEBA - CCIPS Pehuaj\u00f3","og_description":"El viernes 6 y s\u00e1bado 7 de octubre dos integrantes de nuestra comisi\u00f3n directiva participaron del Retiro Dirigencial 2023 organizado por JEFEBA \u2013 J\u00f3venes Empresarios de la Federaci\u00f3n Econ\u00f3mica de la Provincia de Buenos Aires \u2013, en el Parque Industrial de Chivilcoy.La jornada comenz\u00f3 con un desayuno y el discurso de bienvenida de Stefania Mogno, presidenta de JEFEBA, quien agradeci\u00f3 a las autoridades.Posteriormente se realiz\u00f3 un recorrido por la empresa Bicontinentar, dedicada a la fabricaci\u00f3n de calzado de marcas tales como Montagne, Hush Puppies, Olympicus; entre otras. Fueron recibidos por Juan Recce, director de la firma y dirigente de ADIBA - Asociaci\u00f3n de Industriales de la provincia de Buenos Aires -, sector industrial de FEBA. Del mismo modo, los acompa\u00f1\u00f3 el presidente de CECOINSE - Centro Comercial, Industrial y Servicios de Chivilcoy-, Julio Morrone y Jorge Ballerini, presidente de la Asociaci\u00f3n de Propietarios Parque Industrial Chivilcoy.","og_url":"https:\/\/gamora.ar\/wp_ccips\/integrantes-de-la-camara-participaron-del-retiro-dirigencial-de-jovenes-empresarios-de-feba\/","og_site_name":"CCIPS Pehuaj\u00f3","article_published_time":"2023-10-09T17:07:05+00:00","article_modified_time":"2024-03-20T19:10:09+00:00","og_image":[{"width":1024,"height":1024,"url":"https:\/\/gamora.ar\/wp_ccips\/wp-content\/uploads\/2023\/10\/1-1024x1024-1.png","type":"image\/png"}],"author":"admin","twitter_card":"summary_large_image","twitter_misc":{"Escrito por":"admin","Tiempo de lectura":"3 minutos"},"schema":{"@context":"https:\/\/schema.org","@graph":[{"@type":"WebPage","@id":"https:\/\/gamora.ar\/wp_ccips\/integrantes-de-la-camara-participaron-del-retiro-dirigencial-de-jovenes-empresarios-de-feba\/","url":"https:\/\/gamora.ar\/wp_ccips\/integrantes-de-la-camara-participaron-del-retiro-dirigencial-de-jovenes-empresarios-de-feba\/","name":"INTEGRANTES DE LA C\u00c1MARA PARTICIPARON DEL RETIRO DIRIGENCIAL DE J\u00d3VENES EMPRESARIOS DE FEBA - CCIPS Pehuaj\u00f3","isPartOf":{"@id":"https:\/\/gamora.ar\/wp_ccips\/#website"},"datePublished":"2023-10-09T17:07:05+00:00","dateModified":"2024-03-20T19:10:09+00:00","author":{"@id":"https:\/\/gamora.ar\/wp_ccips\/#\/schema\/person\/e5045d8b15681fdf1338e2584f3df9c7"},"breadcrumb":{"@id":"https:\/\/gamora.ar\/wp_ccips\/integrantes-de-la-camara-participaron-del-retiro-dirigencial-de-jovenes-empresarios-de-feba\/#breadcrumb"},"inLanguage":"es","potentialAction":[{"@type":"ReadAction","target":["https:\/\/gamora.ar\/wp_ccips\/integrantes-de-la-camara-participaron-del-retiro-dirigencial-de-jovenes-empresarios-de-feba\/"]}]},{"@type":"BreadcrumbList","@id":"https:\/\/gamora.ar\/wp_ccips\/integrantes-de-la-camara-participaron-del-retiro-dirigencial-de-jovenes-empresarios-de-feba\/#breadcrumb","itemListElement":[{"@type":"ListItem","position":1,"name":"Portada","item":"https:\/\/gamora.ar\/wp_ccips\/"},{"@type":"ListItem","position":2,"name":"INTEGRANTES DE LA C\u00c1MARA PARTICIPARON DEL RETIRO DIRIGENCIAL DE J\u00d3VENES EMPRESARIOS DE FEBA"}]},{"@type":"WebSite","@id":"https:\/\/gamora.ar\/wp_ccips\/#website","url":"https:\/\/gamora.ar\/wp_ccips\/","name":"CCIPS Pehuaj\u00f3","description":"","potentialAction":[{"@type":"SearchAction","target":{"@type":"EntryPoint","urlTemplate":"https:\/\/gamora.ar\/wp_ccips\/?s={search_term_string}"},"query-input":"required name=search_term_string"}],"inLanguage":"es"},{"@type":"Person","@id":"https:\/\/gamora.ar\/wp_ccips\/#\/schema\/person\/e5045d8b15681fdf1338e2584f3df9c7","name":"admin","image":{"@type":"ImageObject","inLanguage":"es","@id":"https:\/\/gamora.ar\/wp_ccips\/#\/schema\/person\/image\/","url":"https:\/\/secure.gravatar.com\/avatar\/8cbeac3fb16459f25e430d50a248fa521d67c7331b319dbbeba13551423babdd?s=96&d=mm&r=g","contentUrl":"https:\/\/secure.gravatar.com\/avatar\/8cbeac3fb16459f25e430d50a248fa521d67c7331b319dbbeba13551423babdd?s=96&d=mm&r=g","caption":"admin"},"sameAs":["https:\/\/gamora.ar\/wp_ccips"],"url":"https:\/\/gamora.ar\/wp_ccips\/author\/admin_ccips\/"}]}},"_links":{"self":[{"href":"https:\/\/gamora.ar\/wp_ccips\/wp-json\/wp\/v2\/posts\/7772","targetHints":{"allow":["GET"]}}],"collection":[{"href":"https:\/\/gamora.ar\/wp_ccips\/wp-json\/wp\/v2\/posts"}],"about":[{"href":"https:\/\/gamora.ar\/wp_ccips\/wp-json\/wp\/v2\/types\/post"}],"author":[{"embeddable":true,"href":"https:\/\/gamora.ar\/wp_ccips\/wp-json\/wp\/v2\/users\/1"}],"replies":[{"embeddable":true,"href":"https:\/\/gamora.ar\/wp_ccips\/wp-json\/wp\/v2\/comments?post=7772"}],"version-history":[{"count":4,"href":"https:\/\/gamora.ar\/wp_ccips\/wp-json\/wp\/v2\/posts\/7772\/revisions"}],"predecessor-version":[{"id":7778,"href":"https:\/\/gamora.ar\/wp_ccips\/wp-json\/wp\/v2\/posts\/7772\/revisions\/7778"}],"wp:featuredmedia":[{"embeddable":true,"href":"https:\/\/gamora.ar\/wp_ccips\/wp-json\/wp\/v2\/media\/7774"}],"wp:attachment":[{"href":"https:\/\/gamora.ar\/wp_ccips\/wp-json\/wp\/v2\/media?parent=7772"}],"wp:term":[{"taxonomy":"category","embeddable":true,"href":"https:\/\/gamora.ar\/wp_ccips\/wp-json\/wp\/v2\/categories?post=7772"},{"taxonomy":"post_tag","embeddable":true,"href":"https:\/\/gamora.ar\/wp_ccips\/wp-json\/wp\/v2\/tags?post=7772"}],"curies":[{"name":"wp","href":"https:\/\/api.w.org\/{rel}","templated":true}]}}